{"id":86836,"date":"2025-09-29T15:43:29","date_gmt":"2025-09-29T15:43:29","guid":{"rendered":"https:\/\/carp-austria.com\/marcel-van-den-eynde\/"},"modified":"2026-04-02T10:37:20","modified_gmt":"2026-04-02T10:37:20","slug":"marcel-van-den-eynde","status":"publish","type":"post","link":"https:\/\/carp-austria.com\/hu\/marcel-van-den-eynde\/","title":{"rendered":"Marcel Van Den Eynde csalik"},"content":{"rendered":"\n<p>A Marcel Van Den Eynde m\u00e1rka bev\u00e1lt csalikat k\u00edn\u00e1l ponty- \u00e9s b\u00e9k\u00e9shal horg\u00e1szathoz.<\/p>\n\n\n\n<h2 class=\"wp-block-heading\">Vil\u00e1gbajnok \u00e9telek horg\u00e1szoknak<\/h2>\n\n\n\n<p>A <strong>Marcel Van Den Eynde nv<\/strong> egy csal\u00e1di v\u00e1llalkoz\u00e1s, amely m\u00e1r t\u00f6bb mint 50 \u00e9ve l\u00e9tezik. Alig van olyan eur\u00f3pai \u00e9desv\u00edzi horg\u00e1sz, aki ne horg\u00e1szott volna valamelyik term\u00e9k\u00fcnkkel. <\/p>\n\n\n\n<p>Az alap\u00edt\u00f3, <strong>Marcel Van Den Eynde<\/strong> nagyon ismert szem\u00e9lyis\u00e9g volt a horg\u00e1szsportban, \u00e9s a csalikkal egy\u00fctt igazi k\u00f6zismertt\u00e9 v\u00e1lt. Egyedi csalikompoz\u00edci\u00f3i kiz\u00e1r\u00f3lag kiv\u00e1l\u00f3 min\u0151s\u00e9g\u0171 alapanyagokb\u00f3l k\u00e9sz\u00fclnek. <\/p>\n\n\n<div class=\"gb-container gb-container-5e1b9a8c\">\n<div class=\"wp-block-image\">\n<figure class=\"alignleft size-full\"><img loading=\"lazy\" decoding=\"async\" width=\"400\" height=\"248\" src=\"data:image\/gif;base64,R0lGODlhAQABAAAAACH5BAEKAAEALAAAAAABAAEAAAICTAEAOw==\" alt=\"\" class=\"wp-image-86772 lazyload\" sizes=\"auto, (max-width: 400px) 100vw, 400px\" data-src=\"https:\/\/carp-austria.com\/wp-content\/uploads\/2025\/09\/Marcel-Van-Den-Eynde.jpg\" data-srcset=\"https:\/\/carp-austria.com\/wp-content\/uploads\/2025\/09\/Marcel-Van-Den-Eynde.jpg 400w, https:\/\/carp-austria.com\/wp-content\/uploads\/2025\/09\/Marcel-Van-Den-Eynde-360x223.jpg 360w, https:\/\/carp-austria.com\/wp-content\/uploads\/2025\/09\/Marcel-Van-Den-Eynde-155x96.jpg 155w\"><figcaption class=\"wp-element-caption\"><strong>Marcel Van Den Eynde<\/strong><\/figcaption><\/figure>\n<\/div>\n<\/div>\n\n\n<div style=\"height:20px\" aria-hidden=\"true\" class=\"wp-block-spacer\"><\/div>\n\n\n\n<h2 class=\"wp-block-heading\">Az eur\u00f3pai horg\u00e1szok megb\u00edznak a Van Den Eynde-ban &#8211; csalik minden horg\u00e1szt\u00edpus sz\u00e1m\u00e1ra<\/h2>\n\n\n\n<p>Marcel n\u00e9h\u00e1ny j\u00f3 bar\u00e1tja gyakran r\u00e9szt vett term\u00e9keink fejleszt\u00e9s\u00e9ben: <strong>Bob Nudd, Alan Scotthorne, Luc Vercammen<\/strong> (1999-es Eur\u00f3pa-bajnok), <strong>Philip Carroyer<\/strong> (1997-es alvil\u00e1gbajnok) \u00e9s <strong>Luc de Baets<\/strong> (k\u00e9tszeres belga bajnok).<\/p>\n\n\n\n<p>Nincs olyan orsz\u00e1g Eur\u00f3p\u00e1ban, ahol ne \u00e1ruln\u00e1k a Van Den Eynde csalikat. M\u00e9g <strong>Amerik\u00e1ba<\/strong> \u00e9s <strong>D\u00e9l-Afrik\u00e1ba<\/strong> is export\u00e1lt\u00e1k \u0151ket. <\/p>\n\n\n\n<p>Id\u0151k\u00f6zben a v\u00e1laszt\u00e9k jelent\u0151sen kib\u0151v\u00fclt, hogy minden horg\u00e1sz megtal\u00e1lja a megfelel\u0151 term\u00e9ket &#8211; a <strong>keszegre<\/strong> \u00e9s <strong>pontyra<\/strong> val\u00f3 folyami horg\u00e1szatt\u00f3l kezdve a <strong>s\u00fcll\u0151re<\/strong> vagy <strong>keszegre <\/strong>\u00e9s m\u00e1s apr\u00f3 halakra val\u00f3 \u00e1ll\u00f3v\u00edzi horg\u00e1szatig. A Van Den Eynde minden helyzetre a megfelel\u0151 csalit k\u00edn\u00e1lja. <\/p>\n\n\n<div class=\"gb-container gb-container-53d97767\">\n\n<figure class=\"wp-block-image size-large\"><img loading=\"lazy\" decoding=\"async\" width=\"905\" height=\"1080\" src=\"data:image\/gif;base64,R0lGODlhAQABAAAAACH5BAEKAAEALAAAAAABAAEAAAICTAEAOw==\" alt=\"\" class=\"wp-image-86783 lazyload\" sizes=\"auto, (max-width: 905px) 100vw, 905px\" data-src=\"https:\/\/carp-austria.com\/wp-content\/uploads\/2025\/09\/Koeder-von-Van-den-Eynde-905x1080.jpg\" data-srcset=\"https:\/\/carp-austria.com\/wp-content\/uploads\/2025\/09\/Koeder-von-Van-den-Eynde-905x1080.jpg 905w, https:\/\/carp-austria.com\/wp-content\/uploads\/2025\/09\/Koeder-von-Van-den-Eynde-302x360.jpg 302w, https:\/\/carp-austria.com\/wp-content\/uploads\/2025\/09\/Koeder-von-Van-den-Eynde-130x155.jpg 130w, https:\/\/carp-austria.com\/wp-content\/uploads\/2025\/09\/Koeder-von-Van-den-Eynde-768x917.jpg 768w, https:\/\/carp-austria.com\/wp-content\/uploads\/2025\/09\/Koeder-von-Van-den-Eynde.jpg 1280w\"><\/figure>\n\n<\/div>\n\n\n<div style=\"height:20px\" aria-hidden=\"true\" class=\"wp-block-spacer\"><\/div>\n\n\n\n<h2 class=\"wp-block-heading\"><strong>Van Den Eynde hal\u00e1szati term\u00e9kek &#8211; takarm\u00e1ny, adal\u00e9kanyagok  <\/strong><\/h2>\n\n\n\n<p>A Carp Austria ki\u00e1ll\u00edt\u00e1son bemutatjuk <strong>Van Den Eynde<\/strong> legismertebb klasszikusait: a <strong>G5-\u00f6t, a Turb\u00f3t<\/strong> \u00e9s a <strong>Recordokat<\/strong> &#8211; minden sikeres horg\u00e1sz alapj\u00e1t.<\/p>\n\n\n\n<ul class=\"wp-block-list\">\n<li><strong>G5<\/strong> \u00e1ll\u00f3v\u00edz eset\u00e9n<\/li>\n\n\n\n<li><strong>Turb\u00f3<\/strong> lass\u00fa foly\u00e1s\u00fa vizekhez<\/li>\n\n\n\n<li><strong>Rekord<\/strong> a gyorsan \u00e1raml\u00f3 vizekn\u00e9l<\/li>\n<\/ul>\n\n\n\n<p>Az olyan kieg\u00e9sz\u00edt\u0151k, mint a Feeder Coarse, Skimmermix, Secret stb. finomabb\u00e1 teszik az etet\u00e9st \u00e9s a horg\u00e1szatot.<\/p>\n\n\n\n<ul class=\"wp-block-list\">\n<li><strong>Kiv\u00e1l\u00f3 min\u0151s\u00e9g\u0171 \u00f6sszetev\u0151k<\/strong> &#8211; csak a legjobb lisztek, feh\u00e9rj\u00e9k \u00e9s term\u00e9szetes arom\u00e1k.<\/li>\n\n\n\n<li><strong>T\u00f6k\u00e9letes k\u00f6t\u0151d\u00e9s<\/strong> &#8211; a kever\u00e9kek stabilan tartj\u00e1k az etet\u0151helyet, de \u00fagy old\u00f3dnak, hogy a csalogat\u00f3anyagok folyamatosan felszabadulnak.<\/li>\n\n\n\n<li><strong>Sokoldal\u00fas\u00e1g<\/strong> &#8211; legyen sz\u00f3 \u00e1ll\u00f3v\u00edzi, folyami, method horg\u00e1szatr\u00f3l vagy klasszikus pontyhorg\u00e1szatr\u00f3l: az MVDE rendelkezik a megfelel\u0151 megold\u00e1ssal.<\/li>\n<\/ul>\n\n\n<div class=\"gb-container gb-container-a1e760e5\">\n\n<figure class=\"wp-block-image size-full\"><img loading=\"lazy\" decoding=\"async\" width=\"1280\" height=\"854\" src=\"data:image\/gif;base64,R0lGODlhAQABAAAAACH5BAEKAAEALAAAAAABAAEAAAICTAEAOw==\" alt=\"\" class=\"wp-image-86794 lazyload\" sizes=\"auto, (max-width: 1280px) 100vw, 1280px\" data-src=\"https:\/\/carp-austria.com\/wp-content\/uploads\/2025\/09\/G5-Turbo-und-die-Records.jpg\" data-srcset=\"https:\/\/carp-austria.com\/wp-content\/uploads\/2025\/09\/G5-Turbo-und-die-Records.jpg 1280w, https:\/\/carp-austria.com\/wp-content\/uploads\/2025\/09\/G5-Turbo-und-die-Records-360x240.jpg 360w, https:\/\/carp-austria.com\/wp-content\/uploads\/2025\/09\/G5-Turbo-und-die-Records-1080x721.jpg 1080w, https:\/\/carp-austria.com\/wp-content\/uploads\/2025\/09\/G5-Turbo-und-die-Records-155x103.jpg 155w, https:\/\/carp-austria.com\/wp-content\/uploads\/2025\/09\/G5-Turbo-und-die-Records-768x512.jpg 768w\"><\/figure>\n\n<\/div>\n\n\n<div style=\"height:20px\" aria-hidden=\"true\" class=\"wp-block-spacer\"><\/div>\n\n\n\n<p>A takarm\u00e1nyon k\u00edv\u00fcl term\u00e9szetesen vannak adal\u00e9kanyagok is. Az olyan adal\u00e9kanyagok, mint a Brasem Caramel, Roach Classic, BS 20 stb. olyan term\u00e9kek, amelyek k\u00fcl\u00f6nleges \u00edzt adnak a takarm\u00e1nynak, \u00e9s \u00fajra \u00e9s \u00fajra bizony\u00edtottak a versenyhorg\u00e1szatban. <\/p>\n\n\n<div class=\"gb-container gb-container-f4d7b52e\">\n\n<figure class=\"wp-block-image size-large\"><img loading=\"lazy\" decoding=\"async\" width=\"1080\" height=\"721\" src=\"data:image\/gif;base64,R0lGODlhAQABAAAAACH5BAEKAAEALAAAAAABAAEAAAICTAEAOw==\" alt=\"\" class=\"wp-image-86805 lazyload\" sizes=\"auto, (max-width: 1080px) 100vw, 1080px\" data-src=\"https:\/\/carp-austria.com\/wp-content\/uploads\/2025\/09\/Marcel-Van-Den-Eynde-Carpano-1080x721.jpg\" data-srcset=\"https:\/\/carp-austria.com\/wp-content\/uploads\/2025\/09\/Marcel-Van-Den-Eynde-Carpano-1080x721.jpg 1080w, https:\/\/carp-austria.com\/wp-content\/uploads\/2025\/09\/Marcel-Van-Den-Eynde-Carpano-360x240.jpg 360w, https:\/\/carp-austria.com\/wp-content\/uploads\/2025\/09\/Marcel-Van-Den-Eynde-Carpano-155x103.jpg 155w, https:\/\/carp-austria.com\/wp-content\/uploads\/2025\/09\/Marcel-Van-Den-Eynde-Carpano-768x512.jpg 768w, https:\/\/carp-austria.com\/wp-content\/uploads\/2025\/09\/Marcel-Van-Den-Eynde-Carpano.jpg 1280w\"><\/figure>\n\n<\/div>\n\n\n<hr class=\"wp-block-separator has-alpha-channel-opacity\"\/>\n\n\n\n<h2 class=\"wp-block-heading\"><strong>Carpano Van Den Eynde-t\u00f3l &#8211; a modern pontyhorg\u00e1szat klasszikusa<\/strong><\/h2>\n\n\n\n<p>Napjainkban a <strong>kereskedelmi pontyhorg\u00e1szat<\/strong> egyre fontosabb\u00e1 v\u00e1lik a horg\u00e1szatban. <strong>A Van Den Eynde<\/strong> most m\u00e1r ehhez is teljes v\u00e1laszt\u00e9kot k\u00edn\u00e1l. <\/p>\n\n\n\n<p>Az egyik klasszikus, amely t\u00f6bb mint 40 \u00e9ve van a piacon, a <strong>Carpano<\/strong> &#8211; egy olyan term\u00e9k, amely m\u00e1r a bojli bevezet\u00e9se el\u0151tt is el\u00e9rhet\u0151 volt, \u00e9s m\u00e9g ma is nagy keresletnek \u00f6rvend.<\/p>\n\n\n\n<p>Id\u0151k\u00f6zben <strong>Marcel Van Den Eynde<\/strong> szint\u00e9n <strong>\n  <a href=\"https:\/\/carp-austria.com\/hu\/dreambaits\/\" target=\"_blank\" rel=\"noreferrer noopener\">Dreambaits<\/a>\n<\/strong> \u00e9s kem\u00e9nyen dolgozunk azon, hogy a Carpano-t egy <strong>modern boilie-v\u00e9<\/strong> fejlessz\u00fck.<\/p>\n\n\n\n<hr class=\"wp-block-separator has-alpha-channel-opacity\"\/>\n\n\n\n<h3 class=\"wp-block-heading\">A <strong>Carp Austria<\/strong> ki\u00e1ll\u00edt\u00e1son v\u00e9gigk\u00f3stolhatja a <strong>vil\u00e1gbajnok csaliprogramot<\/strong> &#8211; tapasztalja meg \u00e9l\u0151ben, mi\u00e9rt az MVDE az els\u0151 sz\u00e1m\u00fa v\u00e1laszt\u00e1s a horg\u00e1szok sz\u00e1m\u00e1ra eg\u00e9sz Eur\u00f3p\u00e1ban!<\/h3>\n\n\n\n<p><strong>&#8222;Fedezze fel Marcel Van Den Eynde \u00e1tfog\u00f3 csalogat\u00f3programj\u00e1t &#8211; a klasszikus takarm\u00e1nykever\u00e9kekt\u0151l az innovat\u00edv bojlireceptekig.&#8221;<\/strong><\/p>\n\n\n<div class=\"gb-container gb-container-de5ce4d0\">\n\n<iframe loading=\"lazy\" width=\"940px\" height=\"793px\" src=\"https:\/\/www.yumpu.com\/nl\/embed\/view\/T3KPzvAmwL2JUWRd\" frameborder=\"0\" allowfullscreen=\"true\" allowtransparency=\"true\"><\/iframe>\n\n<\/div>\n\n\n<div style=\"height:20px\" aria-hidden=\"true\" class=\"wp-block-spacer\"><\/div>\n\n\n\n<p>Honlap: <a href=\"https:\/\/marcelvandeneynde.be\/\" target=\"_blank\" rel=\"noreferrer noopener\">marcelvandeneynde.be<\/a><\/p>\n\n\n\n<ul class=\"wp-block-social-links has-visible-labels is-layout-flex wp-block-social-links-is-layout-flex\"><li class=\"wp-social-link wp-social-link-facebook  wp-block-social-link\"><a rel=\"noopener nofollow\" target=\"_blank\" href=\"https:\/\/www.facebook.com\/profile.php?id=100040318944522\" class=\"wp-block-social-link-anchor\"><svg width=\"24\" height=\"24\" viewBox=\"0 0 24 24\" version=\"1.1\" xmlns=\"http:\/\/www.w3.org\/2000\/svg\" aria-hidden=\"true\" focusable=\"false\"><path d=\"M12 2C6.5 2 2 6.5 2 12c0 5 3.7 9.1 8.4 9.9v-7H7.9V12h2.5V9.8c0-2.5 1.5-3.9 3.8-3.9 1.1 0 2.2.2 2.2.2v2.5h-1.3c-1.2 0-1.6.8-1.6 1.6V12h2.8l-.4 2.9h-2.3v7C18.3 21.1 22 17 22 12c0-5.5-4.5-10-10-10z\"><\/path><\/svg><span class=\"wp-block-social-link-label\">Facebook<\/span><\/a><\/li><\/ul>\n\n\n<div class=\"gb-container gb-container-ae2316b3\"><div class=\"gb-inside-container\">\n<div class=\"gb-grid-wrapper gb-grid-wrapper-6ab68510\">\n<div class=\"gb-grid-column gb-grid-column-56e10727\"><div class=\"gb-container gb-container-56e10727\"><div class=\"gb-inside-container\">\n\n<h2 class=\"gb-headline gb-headline-ec17aad4 gb-headline-text\"><strong><strong>V\u00e1s\u00e1roljon online napijegyet \u00e9s v\u00f6d\u00f6r akci\u00f3kat most!<\/strong><\/strong><\/h2>\n\n\n<div class=\"gb-container gb-container-e69c7d2d\">\n                    <div class=\"tickera\">\r\n                                                    <div class=\"tc-event-table-wrap\">\r\n                                <table class=\"event_tickets tickera\">\r\n                                    <tr>\r\n                                                                                <th>Ticket Type<\/th>\r\n                                                                                <th>Price<\/th>\r\n                                                                                                                        <th>Cart<\/th>\r\n                                    <\/tr>\r\n                                                                                <tr>\r\n                                                                                        <td data-column=\"Ticket Type\">\ud83c\udf9f Tageskarte \u2013 Eintritt zur Messe (Day Ticket)<\/td>\r\n                                                                                        <td data-column=\"Price\">11 \u20ac<\/td>\r\n                                                                                                                                    <td data-column=\"Cart\"><form class=\"cart_form\"><input type=\"hidden\" id=\"nonce\" name=\"nonce\" value=\"e711bf89e8\" \/><input type=\"hidden\" name=\"_wp_http_referer\" value=\"\/hu\/wp-json\/wp\/v2\/posts\/86836\" \/><a href=\"#\" class=\"add_to_cart\" data-button-type=\"cart\" data-open-method=\"regular\" id=\"ticket_114499\"><span class=\"title\">Add to Cart<\/span><\/a><input type=\"hidden\" name=\"ticket_id\" class=\"ticket_id\" value=\"114499\" \/><\/form><\/td>\r\n                                            <\/tr>                                            <tr>\r\n                                                                                        <td data-column=\"Ticket Type\">\ud83d\udd25 Tageskarte + CA-Eimer \u2013 BESTER DEAL (Ticket + Bucket)<\/td>\r\n                                                                                        <td data-column=\"Price\">17 \u20ac<\/td>\r\n                                                                                                                                    <td data-column=\"Cart\"><form class=\"cart_form\"><input type=\"hidden\" id=\"nonce\" name=\"nonce\" value=\"e711bf89e8\" \/><input type=\"hidden\" name=\"_wp_http_referer\" value=\"\/hu\/wp-json\/wp\/v2\/posts\/86836\" \/><a href=\"#\" class=\"add_to_cart\" data-button-type=\"cart\" data-open-method=\"regular\" id=\"ticket_114500\"><span class=\"title\">Add to Cart<\/span><\/a><input type=\"hidden\" name=\"ticket_id\" class=\"ticket_id\" value=\"114500\" \/><\/form><\/td>\r\n                                            <\/tr>                                            <tr>\r\n                                                                                        <td data-column=\"Ticket Type\">\ud83d\udce6 5 Stk. CA Eimer \u2013 VORTEILSPACK (5x Camou Bucket) leer<\/td>\r\n                                                                                        <td data-column=\"Price\">29.90 \u20ac<\/td>\r\n                                                                                                                                    <td data-column=\"Cart\"><form class=\"cart_form\"><input type=\"hidden\" id=\"nonce\" name=\"nonce\" value=\"e711bf89e8\" \/><input type=\"hidden\" name=\"_wp_http_referer\" value=\"\/hu\/wp-json\/wp\/v2\/posts\/86836\" \/><a href=\"#\" class=\"add_to_cart\" data-button-type=\"cart\" data-open-method=\"regular\" id=\"ticket_114501\"><span class=\"title\">Add to Cart<\/span><\/a><input type=\"hidden\" name=\"ticket_id\" class=\"ticket_id\" value=\"114501\" \/><\/form><\/td>\r\n                                            <\/tr>                                            <tr>\r\n                                                                                        <td data-column=\"Ticket Type\">\ud83c\udf81 Raubfisch \u00dcberraschungs-Eimer \u2013 NUR AUF DER MESSE (Predator Surprise Bucket)<\/td>\r\n                                                                                        <td data-column=\"Price\">35.90 \u20ac<\/td>\r\n                                                                                                                                    <td data-column=\"Cart\"><form class=\"cart_form\"><input type=\"hidden\" id=\"nonce\" name=\"nonce\" value=\"e711bf89e8\" \/><input type=\"hidden\" name=\"_wp_http_referer\" value=\"\/hu\/wp-json\/wp\/v2\/posts\/86836\" \/><a href=\"#\" class=\"add_to_cart\" data-button-type=\"cart\" data-open-method=\"regular\" id=\"ticket_114502\"><span class=\"title\">Add to Cart<\/span><\/a><input type=\"hidden\" name=\"ticket_id\" class=\"ticket_id\" value=\"114502\" \/><\/form><\/td>\r\n                                            <\/tr>                                            <tr>\r\n                                                                                        <td data-column=\"Ticket Type\">\ud83d\udd25 Anaconda \u00dcberraschungs-Eimer \u2013 MEIST GEKAUFT (Surprise Bucket)<\/td>\r\n                                                                                        <td data-column=\"Price\">35.90 \u20ac<\/td>\r\n                                                                                                                                    <td data-column=\"Cart\"><form class=\"cart_form\"><input type=\"hidden\" id=\"nonce\" name=\"nonce\" value=\"e711bf89e8\" \/><input type=\"hidden\" name=\"_wp_http_referer\" value=\"\/hu\/wp-json\/wp\/v2\/posts\/86836\" \/><a href=\"#\" class=\"add_to_cart\" data-button-type=\"cart\" data-open-method=\"regular\" id=\"ticket_114503\"><span class=\"title\">Add to Cart<\/span><\/a><input type=\"hidden\" name=\"ticket_id\" class=\"ticket_id\" value=\"114503\" \/><\/form><\/td>\r\n                                            <\/tr>                                <\/table>\r\n                            <\/div><!-- .tc-event-table-wrap -->\r\n                                            <\/div><!-- tickera -->\r\n                    \n\n\n\n<p class=\"gb-headline gb-headline-d98b1e66 gb-headline-text\">vagy itt:<\/p>\n\n\n<div class=\"gb-button-wrapper gb-button-wrapper-7c39275b\">\n\n<a class=\"gb-button gb-button-db436bca\" href=\"\/?page_id=46045\"><span class=\"gb-button-text\"><strong>Jegy\u00fczlet<\/strong> Carp Ausztria<\/span><span class=\"gb-icon\"><svg xmlns=\"http:\/\/www.w3.org\/2000\/svg\" xml:space=\"preserve\" style=\"enable-background:new 0 0 330 330\" viewbox=\"0 0 330 330\"><path d=\"M15 180h263.787l-49.394 49.394c-5.858 5.857-5.858 15.355 0 21.213C232.322 253.535 236.161 255 240 255s7.678-1.465 10.606-4.394l75-75c5.858-5.857 5.858-15.355 0-21.213l-75-75c-5.857-5.857-15.355-5.857-21.213 0-5.858 5.857-5.858 15.355 0 21.213L278.787 150H15c-8.284 0-15 6.716-15 15s6.716 15 15 15z\"><\/path><\/svg><\/span><\/a>\n\n<\/div>\n<\/div>\n\n\n<div style=\"height:31px\" aria-hidden=\"true\" class=\"wp-block-spacer\"><\/div>\n\n\n\n<h4 class=\"gb-headline gb-headline-2f07d386 gb-headline-text\"><mark class=\"gb-highlight\"><mark style=\"background-color:rgba(0, 0, 0, 0)\" class=\"has-inline-color has-global-color-8-color\">Meglepet\u00e9s v\u00f6d\u00f6r &#8211; <strong>Csak a v\u00e1s\u00e1r l\u00e1togat\u00f3i sz\u00e1m\u00e1ra<\/strong> \u00e9s <strong>csak online el\u0151rendel\u00e9ssel<\/strong> &#8211; nincs sz\u00e1ll\u00edt\u00e1s, <strong>\u00e1tv\u00e9tel a Carp Austria 2025-ben<\/strong> <strong>Wiener Neustadtban<\/strong>!<br><\/mark><\/mark><\/h4>\n\n<\/div><\/div><\/div>\n<\/div>\n\n<div class=\"gb-grid-wrapper gb-grid-wrapper-90580e90\">\n<div class=\"gb-grid-column gb-grid-column-9a7f2995\"><div class=\"gb-container gb-container-9a7f2995\">\n<div class=\"gb-container gb-container-69dd71a1\">\n<div class=\"gb-container gb-container-2ebd2fbb\">\n\n<div class=\"wp-block-group is-vertical is-content-justification-center is-layout-flex wp-container-core-group-is-layout-4b2eccd6 wp-block-group-is-layout-flex\">\n<h4 class=\"gb-headline gb-headline-7595fea7 gb-headline-text\">Online most<\/h4>\n\n\n\n<h4 class=\"wp-block-heading\">Vegyen napijegyet!<\/h4>\n<\/div>\n\n\n<div class=\"gb-container gb-container-532409be\">\n<div class=\"wp-block-image\">\n<figure class=\"aligncenter size-full\"><a href=\"\/?page_id=46045\" target=\"_blank\" rel=\" noreferrer noopener\"><img loading=\"lazy\" decoding=\"async\" width=\"350\" height=\"350\" src=\"data:image\/gif;base64,R0lGODlhAQABAAAAACH5BAEKAAEALAAAAAABAAEAAAICTAEAOw==\" alt=\"Online jegy Carp-Ausztria 2025\" class=\"wp-image-75026 lazyload\" style=\"object-fit:cover\" sizes=\"auto, (max-width: 350px) 100vw, 350px\" data-src=\"https:\/\/carp-austria.com\/wp-content\/uploads\/2025\/02\/Online-Ticket-Carp-Austria-2025_350.jpg\" data-srcset=\"https:\/\/carp-austria.com\/wp-content\/uploads\/2025\/02\/Online-Ticket-Carp-Austria-2025_350.jpg 350w, https:\/\/carp-austria.com\/wp-content\/uploads\/2025\/02\/Online-Ticket-Carp-Austria-2025_350-155x155.jpg 155w\"><\/a><\/figure>\n<\/div>\n\n<div class=\"gb-container gb-container-5199dec2\">\n\n<div class=\"wp-block-group is-vertical is-layout-flex wp-container-core-group-is-layout-8cf370e7 wp-block-group-is-layout-flex\">\n<p>\u2705K\u00f6zvetlen<strong>bej\u00e1rat<\/strong> a<strong>v\u00e1s\u00e1rra<\/strong> &#8211; nincs v\u00e1rakoz\u00e1s a jegyp\u00e9nzt\u00e1rn\u00e1l<\/p>\n\n\n\n<p>\u2705 Bel\u00e9p\u00e9s szombat, december 6. <strong>08:00 \u00f3r\u00e1t\u00f3l<\/strong>.<\/p>\n\n\n\n<p>\u2705 Automatikus <strong>r\u00e9szv\u00e9tel<\/strong> a <strong><strong><a href=\"\/?page_id=83479\">500 eur\u00f3s bev\u00e1s\u00e1rl\u00f3t\u00fara nyerem\u00e9nyj\u00e1t\u00e9kban<\/a><\/strong><\/strong><\/p>\n<\/div>\n\n<\/div>\n<\/div>\n<\/div>\n<\/div>\n<\/div><\/div>\n\n<div class=\"gb-grid-column gb-grid-column-68b34313\"><div class=\"gb-container gb-container-68b34313\">\n<div class=\"gb-container gb-container-a6edd56c\">\n\n<div class=\"wp-block-group is-vertical is-content-justification-center is-layout-flex wp-container-core-group-is-layout-4b2eccd6 wp-block-group-is-layout-flex\">\n<h4 class=\"gb-headline gb-headline-b1714ad6 gb-headline-text\">Jegy + horg\u00e1szv\u00f6d\u00f6r<\/h4>\n\n\n\n<h4 class=\"wp-block-heading has-text-align-center\">v\u00e1s\u00e1roljon most!<\/h4>\n<\/div>\n\n\n<div class=\"gb-container gb-container-544ad66d\">\n<div class=\"wp-block-image\">\n<figure class=\"aligncenter size-full\"><a href=\"\/?page_id=46045\" target=\"_blank\" rel=\"noopener\"><img loading=\"lazy\" decoding=\"async\" width=\"250\" height=\"250\" src=\"data:image\/gif;base64,R0lGODlhAQABAAAAACH5BAEKAAEALAAAAAABAAEAAAICTAEAOw==\" alt=\"\" class=\"wp-image-79068 lazyload\" style=\"object-fit:cover\" sizes=\"auto, (max-width: 250px) 100vw, 250px\" data-src=\"https:\/\/carp-austria.com\/wp-content\/uploads\/2024\/05\/ticket-eimer_250.jpg\" data-srcset=\"https:\/\/carp-austria.com\/wp-content\/uploads\/2024\/05\/ticket-eimer_250.jpg 250w, https:\/\/carp-austria.com\/wp-content\/uploads\/2024\/05\/ticket-eimer_250-155x155.jpg 155w\"><\/a><\/figure>\n<\/div>\n<\/div>\n\n<div class=\"gb-container gb-container-e896e0e3\">\n\n<div class=\"wp-block-group is-vertical is-layout-flex wp-container-core-group-is-layout-8cf370e7 wp-block-group-is-layout-flex\">\n<p>\ud83c\udf9f\ufe0f <strong>Biztos\u00edtsa kombin\u00e1lt jegy\u00e9t <\/strong>:  <\/p>\n\n\n\n<p><strong>Online jegy + \u00e1lc\u00e1zott horg\u00e1szv\u00f6d\u00f6r akci\u00f3s \u00e1ron!<\/strong><\/p>\n\n\n\n<p class=\"has-small-font-size\"><a href=\"\/?page_id=82367\" target=\"_blank\" rel=\"noreferrer noopener\">&#8230;tov\u00e1bbi inf\u00f3<\/a><\/p>\n<\/div>\n\n<\/div>\n<\/div>\n<\/div><\/div>\n\n<div class=\"gb-grid-column gb-grid-column-7985be8e\"><div class=\"gb-container gb-container-7985be8e\">\n<div class=\"gb-container gb-container-406e5c08\">\n<div class=\"gb-container gb-container-6be1da81\">\n\n<div class=\"wp-block-group is-vertical is-content-justification-center is-layout-flex wp-container-core-group-is-layout-4b2eccd6 wp-block-group-is-layout-flex\">\n<h4 class=\"gb-headline gb-headline-73914b62 gb-headline-text\">Anakonda meglepet\u00e9s  <\/h4>\n\n\n\n<h4 class=\"wp-block-heading has-text-align-center\">V\u00f6d\u00f6r<\/h4>\n<\/div>\n\n\n<div class=\"gb-container gb-container-ad4b0944\">\n<div class=\"wp-block-image is-style-default\">\n<figure class=\"aligncenter size-full\"><a href=\"\/?page_id=82367\" target=\"_blank\" rel=\" noreferrer noopener\"><img loading=\"lazy\" decoding=\"async\" width=\"250\" height=\"250\" src=\"data:image\/gif;base64,R0lGODlhAQABAAAAACH5BAEKAAEALAAAAAABAAEAAAICTAEAOw==\" alt=\"\" class=\"wp-image-79035 lazyload\" style=\"object-fit:cover\" sizes=\"auto, (max-width: 250px) 100vw, 250px\" data-src=\"https:\/\/carp-austria.com\/wp-content\/uploads\/2024\/05\/Anaconda-Ueberraschungs-Eimer_fee_250.jpg\" data-srcset=\"https:\/\/carp-austria.com\/wp-content\/uploads\/2024\/05\/Anaconda-Ueberraschungs-Eimer_fee_250.jpg 250w, https:\/\/carp-austria.com\/wp-content\/uploads\/2024\/05\/Anaconda-Ueberraschungs-Eimer_fee_250-155x155.jpg 155w\"><\/a><\/figure>\n<\/div>\n\n<div class=\"gb-container gb-container-25ee814d\">\n\n<div class=\"wp-block-group is-vertical is-layout-flex wp-container-core-group-is-layout-8cf370e7 wp-block-group-is-layout-flex\">\n<div class=\"wp-block-group is-vertical is-layout-flex wp-container-core-group-is-layout-8cf370e7 wp-block-group-is-layout-flex\">\n<p><mark style=\"background-color:rgba(0, 0, 0, 0)\" class=\"has-inline-color has-accent-2-color\"><strong>100 EUR feletti \u00e1ruk \u00e9rt\u00e9ke<\/strong><\/mark><\/p>\n\n\n\n<p>\ud83c\udf89 <strong><mark style=\"background-color:rgba(0, 0, 0, 0)\" class=\"has-inline-color has-global-color-8-color\">+ 4 EXTRA es\u00e9ly a nyer\u00e9sre:<\/mark><\/strong><\/p>\n<\/div>\n\n\n\n<p>\ud83c\udf812x<strong>CX-2 CORKY pontyoz\u00f3 rudak<\/strong><\/p>\n\n\n\n<p>\ud83c\udf81<strong><strong>Champions Scoop HC-330<\/strong><\/strong><\/p>\n\n\n\n<p>\ud83c\udf81<strong><strong>Carp Cradle &#8222;Air Care&#8221;<\/strong><\/strong><\/p>\n\n\n\n<p>\ud83c\udf813<strong> <strong>Shimano Ultegra 14000 XTE<\/strong><\/strong><\/p>\n\n\n\n<p class=\"has-small-font-size\"><a href=\"\/?page_id=82367\" target=\"_blank\" rel=\"noreferrer noopener\">&#8230;tov\u00e1bbi inf\u00f3<\/a><\/p>\n<\/div>\n\n<\/div>\n<\/div>\n<\/div>\n<\/div>\n<\/div><\/div>\n\n<div class=\"gb-grid-column gb-grid-column-844e55fa\"><div class=\"gb-container gb-container-844e55fa\">\n<div class=\"gb-container gb-container-f9ffe7da\">\n<div class=\"gb-container gb-container-6f75be7a\">\n\n<div class=\"wp-block-group is-vertical is-content-justification-center is-layout-flex wp-container-core-group-is-layout-4b2eccd6 wp-block-group-is-layout-flex\">\n<h4 class=\"gb-headline gb-headline-99dff823 gb-headline-text\">Ragadoz\u00f3 halak meglepet\u00e9se  <\/h4>\n\n\n\n<h4 class=\"wp-block-heading has-text-align-center\">V\u00f6d\u00f6r<\/h4>\n<\/div>\n\n\n<div class=\"gb-container gb-container-cad914ea\">\n<div class=\"wp-block-image\">\n<figure class=\"aligncenter size-full\"><a href=\"\/?page_id=82367#Raubfisch-%C3%9Cberraschungs-Eimer\" target=\"_blank\"><img loading=\"lazy\" decoding=\"async\" width=\"250\" height=\"250\" src=\"data:image\/gif;base64,R0lGODlhAQABAAAAACH5BAEKAAEALAAAAAABAAEAAAICTAEAOw==\" alt=\"\" class=\"wp-image-79046 lazyload\" style=\"object-fit:cover\" sizes=\"auto, (max-width: 250px) 100vw, 250px\" data-src=\"https:\/\/carp-austria.com\/wp-content\/uploads\/2024\/05\/raubfisch-eimer-ohne-allem_250.jpg\" data-srcset=\"https:\/\/carp-austria.com\/wp-content\/uploads\/2024\/05\/raubfisch-eimer-ohne-allem_250.jpg 250w, https:\/\/carp-austria.com\/wp-content\/uploads\/2024\/05\/raubfisch-eimer-ohne-allem_250-155x155.jpg 155w\"><\/a><\/figure>\n<\/div>\n<\/div>\n\n<div class=\"gb-container gb-container-4a1e1343\">\n\n<div class=\"wp-block-group is-vertical is-layout-flex wp-container-core-group-is-layout-8cf370e7 wp-block-group-is-layout-flex\">\n<p><strong><mark style=\"background-color:rgba(0, 0, 0, 0)\" class=\"has-inline-color has-accent-2-color\">100 EUR feletti \u00e1ruk \u00e9rt\u00e9ke<\/mark><\/strong><\/p>\n\n\n\n<p>\ud83c\udf89 <strong><mark style=\"background-color:rgba(0, 0, 0, 0)\" class=\"has-inline-color has-global-color-8-color\">+ 4 EXTRA es\u00e9ly a nyer\u00e9sre:<\/mark><\/strong><br\/>\ud83c\udf81 <strong>SHIMANO STELLA FK 2500<\/strong><\/p>\n\n\n\n<p><strong><strong>\ud83c\udf81 <strong>Whipsta Zander k\u00e9szlet<\/strong><\/strong><\/strong><\/p>\n\n\n\n<p><strong><strong>\ud83c\udf81<\/strong><\/strong> <strong>Mesters\u00e9ges csali \u00fajdons\u00e1gok csomagja<\/strong><\/p>\n\n\n\n<p><strong><strong>\ud83c\udf81<\/strong><\/strong> <strong>Slide &amp; Float Edition Scoop<\/strong><\/p>\n\n\n\n<p class=\"has-small-font-size\"><a href=\"\/?page_id=82367#Raubfisch-%C3%9Cberraschungs-Eimer\" target=\"_blank\" rel=\"noreferrer noopener\">&#8230;tov\u00e1bbi inf\u00f3<\/a><\/p>\n<\/div>\n\n<\/div>\n<\/div>\n<\/div>\n<\/div><\/div>\n\n<div class=\"gb-grid-column gb-grid-column-26defc13\"><div class=\"gb-container gb-container-26defc13\">\n<div class=\"gb-container gb-container-f7d33750\">\n<div class=\"gb-container gb-container-b94c0dbe\">\n\n<div class=\"wp-block-group is-vertical is-content-justification-center is-layout-flex wp-container-core-group-is-layout-4b2eccd6 wp-block-group-is-layout-flex\">\n<h4 class=\"gb-headline gb-headline-1c9fba88 gb-headline-text\">Carp Ausztria  <\/h4>\n\n\n\n<h4 class=\"wp-block-heading has-text-align-center\">V\u00f6d\u00f6r akci\u00f3<\/h4>\n<\/div>\n\n\n<div class=\"gb-container gb-container-b1676adb\">\n<div class=\"wp-block-image\">\n<figure class=\"aligncenter size-full\"><a href=\"\/?page_id=82367#CARP-AUSTRIA-CAMOUFLAGE-EIMER-DEAL\" target=\"_blank\"><img loading=\"lazy\" decoding=\"async\" width=\"250\" height=\"250\" src=\"data:image\/gif;base64,R0lGODlhAQABAAAAACH5BAEKAAEALAAAAAABAAEAAAICTAEAOw==\" alt=\"\" class=\"wp-image-79101 lazyload\" style=\"object-fit:cover\" sizes=\"auto, (max-width: 250px) 100vw, 250px\" data-src=\"https:\/\/carp-austria.com\/wp-content\/uploads\/2024\/05\/billigster-Angeleimer_250-3.jpg\" data-srcset=\"https:\/\/carp-austria.com\/wp-content\/uploads\/2024\/05\/billigster-Angeleimer_250-3.jpg 250w, https:\/\/carp-austria.com\/wp-content\/uploads\/2024\/05\/billigster-Angeleimer_250-3-155x155.jpg 155w\"><\/a><\/figure>\n<\/div>\n<\/div>\n\n<div class=\"gb-container gb-container-ec8c8529\">\n\n<div class=\"wp-block-group is-vertical is-layout-flex wp-container-core-group-is-layout-8cf370e7 wp-block-group-is-layout-flex\">\n<p><strong><mark style=\"background-color:rgba(0, 0, 0, 0)\" class=\"has-inline-color has-global-color-8-color\">Eur\u00f3pa legolcs\u00f3bb terepsz\u00edn\u0171 horg\u00e1szv\u00f6dre!!!<\/mark><\/strong><\/p>\n\n\n\n<p>EXTRA er\u0151s v\u00e1ltozat \u00e1lc\u00e1zott kivitelben \u00e9s 10 literes kapacit\u00e1ssal &#8211; Ide\u00e1lis csali, kever\u00e9k, bojli, \u00e9lelmiszer \u00e9s s\u00f6r t\u00e1rol\u00e1s\u00e1ra \ud83d\ude09.<\/p>\n\n\n\n<p><mark style=\"background-color:rgba(0, 0, 0, 0)\" class=\"has-inline-color has-global-color-8-color\"><strong>5 horg\u00e1szv\u00f6d\u00f6r<\/strong> <\/mark>csak <strong><mark style=\"background-color:rgba(0, 0, 0, 0)\" class=\"has-inline-color has-global-color-8-color\">29,90 EUR<\/mark><\/strong> \ud83d\ude2f<\/p>\n\n\n\n<p class=\"has-small-font-size\"><a href=\"\/?page_id=82367#CARP-AUSTRIA-CAMOUFLAGE-EIMER-DEAL\" target=\"_blank\" data-type=\"link\" data-id=\"https:\/\/carp-austria.com\/eimer-aktion\/#CARP-AUSTRIA-CAMOUFLAGE-EIMER-DEAL\" rel=\"noreferrer noopener\">&#8230;tov\u00e1bbi inf\u00f3<\/a><\/p>\n<\/div>\n\n<\/div>\n<\/div>\n<\/div>\n<\/div><\/div>\n<\/div>\n\n\n<p><\/p>\n\n\n\n<p>(Az \u00e1rak tartalmazz\u00e1k az \u00e1f\u00e1t \u00e9s a jegy\u00e1rat)<\/p>\n\n\n\n<p>Ez a napijegy egy bel\u00e9p\u00e9sre jogos\u00edt a v\u00e1s\u00e1rra, \u00e9s a v\u00e1s\u00e1r valamelyik napj\u00e1n v\u00e1lthat\u00f3 be. A 10 \u00e9v alatti gyermekek sz\u00e1m\u00e1ra nincs sz\u00fcks\u00e9g jegyre, \u0151ket k\u00f6zvetlen\u00fcl a jegyellen\u0151r engedi be. <\/p>\n\n\n\n<p class=\"has-small-font-size\"><strong>Fontos inform\u00e1ci\u00f3k a meglepet\u00e9s v\u00f6dr\u00f6kr\u0151l<\/strong>: <strong><mark style=\"background-color:rgba(0, 0, 0, 0)\" class=\"has-inline-color has-global-color-8-color\">A Meglepet\u00e9s v\u00f6d\u00f6r vagy a Camo Bucket Deal megv\u00e1s\u00e1rl\u00e1sa <strong>nem<\/strong> tartalmaz bel\u00e9p\u0151jegyet a show-ra.<\/mark><\/strong> A bemutatott fot\u00f3k szimbolikus k\u00e9pek &#8211; a tartalom v\u00e1ltozhat, ez\u00e9rt is nevezz\u00fck meglepet\u00e9s v\u00f6dr\u00f6knek \ud83d\ude03, de az <strong>\u00e1ru \u00e9rt\u00e9ke garant\u00e1ltan 100 eur\u00f3 felett van<\/strong> (orsz\u00e1gt\u00f3l f\u00fcgg\u0151en ak\u00e1r j\u00f3val magasabb is). A tov\u00e1bbi nyerem\u00e9nyeket azonnal kiosztjuk a v\u00f6d\u00f6r kioszt\u00e1si ponton! A <strong>meglepet\u00e9s v\u00f6dr\u00f6k<\/strong> \u00e9s a Camo Bucket Deal csak <strong>korl\u00e1tozott mennyis\u00e9gben <\/strong>\u00e1llnak rendelkez\u00e9sre. <strong>A v\u00f6dr\u00f6ket\/nyerem\u00e9nyeket<\/strong> <strong>csak a helysz\u00ednen lehet<\/strong> <strong>\u00e1tvenni \u00e9s kiosztani<\/strong>.  <strong>Carp Austria Wiener Neustadtban 2025. december 6-\u00e1n vagy 7-\u00e9n  <\/strong>  &#8211; <strong>nincs sz\u00e1ll\u00edt\u00e1s<\/strong>!<\/p>\n\n<\/div><\/div>","protected":false},"excerpt":{"rendered":"<p>A Marcel Van Den Eynde m\u00e1rka bev\u00e1lt csalikat k\u00edn\u00e1l ponty- \u00e9s b\u00e9k\u00e9shal horg\u00e1szathoz. Vil\u00e1gbajnok \u00e9telek horg\u00e1szoknak A Marcel Van Den Eynde nv egy csal\u00e1di &#8230; <a title=\"Marcel Van Den Eynde csalik\" class=\"read-more\" href=\"https:\/\/carp-austria.com\/hu\/marcel-van-den-eynde\/\" aria-label=\"Read more about Marcel Van Den Eynde csalik\">Olvass tov\u00e1bb<\/a><\/p>\n","protected":false},"author":1,"featured_media":86766,"comment_status":"closed","ping_status":"closed","sticky":false,"template":"","format":"standard","meta":{"_acf_changed":false,"inline_featured_image":false,"iawp_total_views":0,"footnotes":""},"categories":[454],"tags":[],"class_list":["post-86836","post","type-post","status-publish","format-standard","has-post-thumbnail","hentry","category-kiallitok","generate-columns","tablet-grid-50","mobile-grid-100","grid-parent","grid-25"],"acf":[],"_links":{"self":[{"href":"https:\/\/carp-austria.com\/hu\/wp-json\/wp\/v2\/posts\/86836","targetHints":{"allow":["GET"]}}],"collection":[{"href":"https:\/\/carp-austria.com\/hu\/wp-json\/wp\/v2\/posts"}],"about":[{"href":"https:\/\/carp-austria.com\/hu\/wp-json\/wp\/v2\/types\/post"}],"author":[{"embeddable":true,"href":"https:\/\/carp-austria.com\/hu\/wp-json\/wp\/v2\/users\/1"}],"replies":[{"embeddable":true,"href":"https:\/\/carp-austria.com\/hu\/wp-json\/wp\/v2\/comments?post=86836"}],"version-history":[{"count":0,"href":"https:\/\/carp-austria.com\/hu\/wp-json\/wp\/v2\/posts\/86836\/revisions"}],"wp:featuredmedia":[{"embeddable":true,"href":"https:\/\/carp-austria.com\/hu\/wp-json\/wp\/v2\/media\/86766"}],"wp:attachment":[{"href":"https:\/\/carp-austria.com\/hu\/wp-json\/wp\/v2\/media?parent=86836"}],"wp:term":[{"taxonomy":"category","embeddable":true,"href":"https:\/\/carp-austria.com\/hu\/wp-json\/wp\/v2\/categories?post=86836"},{"taxonomy":"post_tag","embeddable":true,"href":"https:\/\/carp-austria.com\/hu\/wp-json\/wp\/v2\/tags?post=86836"}],"curies":[{"name":"wp","href":"https:\/\/api.w.org\/{rel}","templated":true}]}}