{"id":107449,"date":"2025-11-26T21:06:47","date_gmt":"2025-11-26T21:06:47","guid":{"rendered":"https:\/\/carp-austria.com\/iglice-pfahlhaeuser\/"},"modified":"2026-05-03T01:12:40","modified_gmt":"2026-05-02T23:12:40","slug":"iglice","status":"publish","type":"post","link":"https:\/\/carp-austria.com\/hu\/iglice\/","title":{"rendered":"Horg\u00e1szat Magyarorsz\u00e1gon \u2013 t\u00f3parti h\u00e1zak &#8211; Iglice"},"content":{"rendered":"\n<p>\u00c9ld \u00e1t a horg\u00e1szat \u00e9lm\u00e9ny\u00e9t Magyarorsz\u00e1gon exkluz\u00edv t\u00f3parti h\u00e1zakban. Ha saj\u00e1t st\u00e9ggel rendelkez\u0151 sz\u00e1ll\u00e1st keresel, itt megtal\u00e1lod a t\u00f6k\u00e9letes nyugalmat \u00e9s felt\u00e9teleket.<\/p>\n\n\n\n<p><strong>A pihen\u00e9s ott kezd\u0151dik, ahol a part v\u00e9get \u00e9r.<\/strong><\/p>\n\n\n\n<p><strong>2026 tavasz\u00e1n<\/strong> nyitja meg kapuit Magyarorsz\u00e1g leg\u00fajabb &#8211; \u00e9s ebben a form\u00e1ban egyed\u00fcl\u00e1ll\u00f3 &#8211; <strong>exkluz\u00edv c\u00f6l\u00f6ph\u00e1zakkal rendelkez\u0151 horg\u00e1sztava<\/strong>. Az <strong>Iglice C\u00f6l\u00f6ph\u00e1zak<\/strong> a modern feel-good hangulatot \u00e9s a rendk\u00edv\u00fcli term\u00e9szeti \u00e9lm\u00e9nyt \u00f6tv\u00f6zik k\u00f6zvetlen\u00fcl a v\u00edzparton. <\/p>\n\n\n<div class=\"gb-container gb-container-fa9048e7\">\n\n<figure class=\"wp-block-image size-large\"><img loading=\"lazy\" decoding=\"async\" width=\"1080\" height=\"717\" src=\"data:image\/gif;base64,R0lGODlhAQABAAAAACH5BAEKAAEALAAAAAABAAEAAAICTAEAOw==\" alt=\"\" class=\"wp-image-107392 lazyload\" sizes=\"auto, (max-width: 1080px) 100vw, 1080px\" data-src=\"https:\/\/carp-austria.com\/wp-content\/uploads\/2025\/11\/angelurlaub-mit-huette-1080x717.jpg\" data-srcset=\"https:\/\/carp-austria.com\/wp-content\/uploads\/2025\/11\/angelurlaub-mit-huette-1080x717.jpg 1080w, https:\/\/carp-austria.com\/wp-content\/uploads\/2025\/11\/angelurlaub-mit-huette-360x239.jpg 360w, https:\/\/carp-austria.com\/wp-content\/uploads\/2025\/11\/angelurlaub-mit-huette-155x103.jpg 155w, https:\/\/carp-austria.com\/wp-content\/uploads\/2025\/11\/angelurlaub-mit-huette-768x510.jpg 768w, https:\/\/carp-austria.com\/wp-content\/uploads\/2025\/11\/angelurlaub-mit-huette.jpg 1280w\"><\/figure>\n\n<\/div>\n\n\n<hr class=\"wp-block-separator has-alpha-channel-opacity\"\/>\n\n\n\n<h2 class=\"wp-block-heading\"><strong>Iglice Pfahlh\u00e4user &#8211; t\u00f6bb mint egy horg\u00e1szt\u00f3. A kalandok helye a v\u00edzen. <\/strong><\/h2>\n\n\n\n<p>Az Iglice g\u00f3lyal\u00e1bas h\u00e1zak nem h\u00e9tk\u00f6znapi horg\u00e1szhely \u00e9s nem hagyom\u00e1nyos sz\u00e1ll\u00e1shelyek.<br>Ez egy <strong>egyed\u00fcl\u00e1ll\u00f3 hely<\/strong>, ahol <strong>a horg\u00e1szat, a term\u00e9szet, a b\u00e9ke \u00e9s a k\u00e9nyelem<\/strong> harmonikus egys\u00e9get alkot.<\/p>\n\n\n\n<p>Ak\u00e1r akt\u00edvan szeretne horg\u00e1szni, ak\u00e1r zavartalanul pihenni, vagy egyszer\u0171en csak \u00e9rt\u00e9kes id\u0151t t\u00f6lteni a bar\u00e1taival &#8211; itt mindenki megtal\u00e1lhatja a saj\u00e1t ritmus\u00e1t.<\/p>\n\n\n\n<h1 class=\"wp-block-heading\"><strong>19 hekt\u00e1r tiszta v\u00edzi idill &#8211; 31 c\u00f6l\u00f6ph\u00e1z a kikapcsol\u00f3d\u00e1shoz \u00e9s a horg\u00e1szszenved\u00e9lyhez<\/strong><\/h1>\n\n\n<div class=\"gb-container gb-container-75b5012a\">\n\n<figure class=\"wp-block-image size-full\"><img loading=\"lazy\" decoding=\"async\" width=\"1280\" height=\"800\" src=\"data:image\/gif;base64,R0lGODlhAQABAAAAACH5BAEKAAEALAAAAAABAAEAAAICTAEAOw==\" alt=\"\" class=\"wp-image-107398 lazyload\" sizes=\"auto, (max-width: 1280px) 100vw, 1280px\" data-src=\"https:\/\/carp-austria.com\/wp-content\/uploads\/2025\/11\/huette-am-see-angeln.jpg\" data-srcset=\"https:\/\/carp-austria.com\/wp-content\/uploads\/2025\/11\/huette-am-see-angeln.jpg 1280w, https:\/\/carp-austria.com\/wp-content\/uploads\/2025\/11\/huette-am-see-angeln-360x225.jpg 360w, https:\/\/carp-austria.com\/wp-content\/uploads\/2025\/11\/huette-am-see-angeln-1080x675.jpg 1080w, https:\/\/carp-austria.com\/wp-content\/uploads\/2025\/11\/huette-am-see-angeln-155x97.jpg 155w, https:\/\/carp-austria.com\/wp-content\/uploads\/2025\/11\/huette-am-see-angeln-768x480.jpg 768w\"><\/figure>\n\n<\/div>\n\n\n<div style=\"height:15px\" aria-hidden=\"true\" class=\"wp-block-spacer\"><\/div>\n\n\n\n<h2 class=\"wp-block-heading\"><strong>K\u00f6zvetlen\u00fcl a v\u00edzparton \u00e9lni<\/strong><\/h2>\n\n\n\n<p>Mind a 31 g\u00f3lyal\u00e1bas h\u00e1z k\u00f6zvetlen\u00fcl a t\u00f3ban \u00e1ll\u00f3 c\u00f6l\u00f6p\u00f6k\u00f6n \u00e1ll.<br>Ez azt jelenti, hogy nyaral\u00e1s\u00e1t <strong>minden eddigin\u00e9l k\u00f6zelebb<\/strong> \u00e9lheti \u00e1t <strong>a v\u00edzhez<\/strong> &#8211; maxim\u00e1lis nyugalom \u00e9s teljes mag\u00e1n\u00e9let mellett.<\/p>\n\n\n\n<h3 class=\"wp-block-heading\"><strong>Inspir\u00e1l\u00f3 berendez\u00e9sek<\/strong><\/h3>\n\n\n\n<p>\u2714 <strong>L\u00e9gkondicion\u00e1l\u00e1s<\/strong> a kellemes h\u0151m\u00e9rs\u00e9klet\u00e9rt az \u00e9v b\u00e1rmely szak\u00e1ban<br>\u2714 <strong>Saj\u00e1t konyha<\/strong> mikrohull\u00e1m\u00fa s\u00fct\u0151vel, k\u00e1v\u00e9f\u0151z\u0151vel, h\u0171t\u0151szekr\u00e9nnyel, fagyaszt\u00f3val \u00e9s f\u0151z\u0151lappal<br>\u2714 <strong>Saj\u00e1t f\u00fcrd\u0151szoba<\/strong> zuhanyz\u00f3val, WC-vel \u00e9s foly\u00f3v\u00edzzel<br>\u2714 T\u00f6k\u00e9letes <strong>nyaral\u00f3k<\/strong>, <strong>csoportok<\/strong> \u00e9s <strong>ambici\u00f3zus horg\u00e1szok<\/strong> sz\u00e1m\u00e1ra.<\/p>\n\n\n<div class=\"gb-container gb-container-c802ef74\">\n\n<figure class=\"wp-block-image size-full\"><img loading=\"lazy\" decoding=\"async\" width=\"1280\" height=\"800\" src=\"data:image\/gif;base64,R0lGODlhAQABAAAAACH5BAEKAAEALAAAAAABAAEAAAICTAEAOw==\" alt=\"\" class=\"wp-image-107397 lazyload\" sizes=\"auto, (max-width: 1280px) 100vw, 1280px\" data-src=\"https:\/\/carp-austria.com\/wp-content\/uploads\/2025\/11\/angelplatz-mit-huette.jpg\" data-srcset=\"https:\/\/carp-austria.com\/wp-content\/uploads\/2025\/11\/angelplatz-mit-huette.jpg 1280w, https:\/\/carp-austria.com\/wp-content\/uploads\/2025\/11\/angelplatz-mit-huette-360x225.jpg 360w, https:\/\/carp-austria.com\/wp-content\/uploads\/2025\/11\/angelplatz-mit-huette-1080x675.jpg 1080w, https:\/\/carp-austria.com\/wp-content\/uploads\/2025\/11\/angelplatz-mit-huette-155x97.jpg 155w, https:\/\/carp-austria.com\/wp-content\/uploads\/2025\/11\/angelplatz-mit-huette-768x480.jpg 768w\"><\/figure>\n\n<\/div>\n\n\n<div style=\"height:15px\" aria-hidden=\"true\" class=\"wp-block-spacer\"><\/div>\n\n\n\n<h1 class=\"wp-block-heading\"><strong>Horg\u00e1szat, mint m\u00e9g soha &#8211; k\u00f6zvetlen\u00fcl a saj\u00e1t m\u00f3l\u00f3j\u00e1r\u00f3l<\/strong><\/h1>\n\n\n\n<p>Minden c\u00f6l\u00f6ph\u00e1zhoz <strong>35 m\u00b2-es saj\u00e1t st\u00e9g<\/strong> tartozik, ahol \u00e9jjel-nappal horg\u00e1szhat.<br>Nincs t\u00f6meg, nincs zaj &#8211; csak \u00d6n, a t\u00f3 \u00e9s a term\u00e9szet.<\/p>\n\n\n\n<p>\u2714 <strong>Exkluz\u00edv, 50 m sz\u00e9les horg\u00e1szter\u00fclet<\/strong> h\u00e1zank\u00e9nt<br>\u2714 A szemk\u00f6zti oldalon <strong>nincsenek horg\u00e1szhelyek<\/strong> &#8211; 100% b\u00e9ke \u00e9s nyugalom<br>\u2714 Horg\u00e1szat k\u00f6zvetlen\u00fcl a nappalib\u00f3l &#8211; enn\u00e9l k\u00f6zelebb nem is lehetne.<\/p>\n\n\n\n<p>T\u00f6k\u00e9letes a k\u00e9nyelmet \u00e9s szabads\u00e1got keres\u0151 <strong>horg\u00e1szok<\/strong> sz\u00e1m\u00e1ra a v\u00edzen.<\/p>\n\n\n<div class=\"gb-container gb-container-acda7707\">\n\n<div class=\"wp-block-columns is-layout-flex wp-container-core-columns-is-layout-9d6595d7 wp-block-columns-is-layout-flex\">\n<div class=\"wp-block-column is-layout-flow wp-block-column-is-layout-flow\">\n<figure class=\"wp-block-image size-full\"><img loading=\"lazy\" decoding=\"async\" width=\"640\" height=\"905\" src=\"data:image\/gif;base64,R0lGODlhAQABAAAAACH5BAEKAAEALAAAAAABAAEAAAICTAEAOw==\" alt=\"\" class=\"wp-image-107404 lazyload\" sizes=\"auto, (max-width: 640px) 100vw, 640px\" data-src=\"https:\/\/carp-austria.com\/wp-content\/uploads\/2025\/11\/iglice_a4-1.jpg\" data-srcset=\"https:\/\/carp-austria.com\/wp-content\/uploads\/2025\/11\/iglice_a4-1.jpg 640w, https:\/\/carp-austria.com\/wp-content\/uploads\/2025\/11\/iglice_a4-1-255x360.jpg 255w, https:\/\/carp-austria.com\/wp-content\/uploads\/2025\/11\/iglice_a4-1-110x155.jpg 110w\"><\/figure>\n<\/div>\n\n\n\n<div class=\"wp-block-column is-layout-flow wp-block-column-is-layout-flow\">\n<figure class=\"wp-block-image size-full\"><img loading=\"lazy\" decoding=\"async\" width=\"640\" height=\"905\" src=\"data:image\/gif;base64,R0lGODlhAQABAAAAACH5BAEKAAEALAAAAAABAAEAAAICTAEAOw==\" alt=\"\" class=\"wp-image-107405 lazyload\" sizes=\"auto, (max-width: 640px) 100vw, 640px\" data-src=\"https:\/\/carp-austria.com\/wp-content\/uploads\/2025\/11\/angelhuette-mit-dusche.jpg\" data-srcset=\"https:\/\/carp-austria.com\/wp-content\/uploads\/2025\/11\/angelhuette-mit-dusche.jpg 640w, https:\/\/carp-austria.com\/wp-content\/uploads\/2025\/11\/angelhuette-mit-dusche-255x360.jpg 255w, https:\/\/carp-austria.com\/wp-content\/uploads\/2025\/11\/angelhuette-mit-dusche-110x155.jpg 110w\"><\/figure>\n<\/div>\n<\/div>\n\n<\/div>\n\n\n<div style=\"height:15px\" aria-hidden=\"true\" class=\"wp-block-spacer\"><\/div>\n\n\n\n<h1 class=\"wp-block-heading\"><strong>Tapasztalja meg az Iglice-t \u00e9l\u0151ben &#8211; l\u00e1togasson el hozz\u00e1nk a v\u00e1s\u00e1ron!<\/strong><\/h1>\n\n\n\n<p>L\u00e1togasson el standunkra <strong>a 3. csarnok 3. standj\u00e1n <\/strong>, \u00e9s ismerje meg most az <strong>Iglice c\u00f6l\u00f6ph\u00e1zakat<\/strong>.<br>Fedezze fel a modelleket, inform\u00e1ci\u00f3kat, alaprajzokat, horg\u00e1szter\u00fcleteket, \u00e9s biztos\u00edtsa hely\u00e9t a v\u00edzen.<\/p>\n\n\n\n<hr class=\"wp-block-separator has-alpha-channel-opacity\"\/>\n\n\n\n<h1 class=\"wp-block-heading\"><strong>Iglice Pfahlh\u00e4user &#8211; horg\u00e1szt\u00f3 horg\u00e1szokt\u00f3l horg\u00e1szoknak.<\/strong><\/h1>\n\n\n\n<p>Egy hely, amely lelass\u00edt.<br>Egy t\u00f3, amely inspir\u00e1l.<br>Sz\u00e1ll\u00e1s, amelyet soha nem fog elfelejteni.<\/p>\n\n\n\n<p>Tov\u00e1bbi inform\u00e1ci\u00f3kat itt tal\u00e1l:<br><br>Weboldal: <a href=\"https:\/\/www.iglice.at\" target=\"_blank\" rel=\"noreferrer noopener\"><strong>www.iglice.at<\/strong><\/a><\/p>\n\n\n\n<ul class=\"wp-block-social-links has-visible-labels is-layout-flex wp-block-social-links-is-layout-flex\"><li class=\"wp-social-link wp-social-link-facebook  wp-block-social-link\"><a rel=\"noopener nofollow\" target=\"_blank\" href=\"https:\/\/www.facebook.com\/iglicepfahlhaeuser\/\" class=\"wp-block-social-link-anchor\"><svg width=\"24\" height=\"24\" viewBox=\"0 0 24 24\" version=\"1.1\" xmlns=\"http:\/\/www.w3.org\/2000\/svg\" aria-hidden=\"true\" focusable=\"false\"><path d=\"M12 2C6.5 2 2 6.5 2 12c0 5 3.7 9.1 8.4 9.9v-7H7.9V12h2.5V9.8c0-2.5 1.5-3.9 3.8-3.9 1.1 0 2.2.2 2.2.2v2.5h-1.3c-1.2 0-1.6.8-1.6 1.6V12h2.8l-.4 2.9h-2.3v7C18.3 21.1 22 17 22 12c0-5.5-4.5-10-10-10z\"><\/path><\/svg><span class=\"wp-block-social-link-label\">Facebook<\/span><\/a><\/li>\n\n<li class=\"wp-social-link wp-social-link-instagram  wp-block-social-link\"><a rel=\"noopener nofollow\" target=\"_blank\" href=\"https:\/\/www.instagram.com\/iglicepfahlhaeuser\/\" class=\"wp-block-social-link-anchor\"><svg width=\"24\" height=\"24\" viewBox=\"0 0 24 24\" version=\"1.1\" xmlns=\"http:\/\/www.w3.org\/2000\/svg\" aria-hidden=\"true\" focusable=\"false\"><path d=\"M12,4.622c2.403,0,2.688,0.009,3.637,0.052c0.877,0.04,1.354,0.187,1.671,0.31c0.42,0.163,0.72,0.358,1.035,0.673 c0.315,0.315,0.51,0.615,0.673,1.035c0.123,0.317,0.27,0.794,0.31,1.671c0.043,0.949,0.052,1.234,0.052,3.637 s-0.009,2.688-0.052,3.637c-0.04,0.877-0.187,1.354-0.31,1.671c-0.163,0.42-0.358,0.72-0.673,1.035 c-0.315,0.315-0.615,0.51-1.035,0.673c-0.317,0.123-0.794,0.27-1.671,0.31c-0.949,0.043-1.233,0.052-3.637,0.052 s-2.688-0.009-3.637-0.052c-0.877-0.04-1.354-0.187-1.671-0.31c-0.42-0.163-0.72-0.358-1.035-0.673 c-0.315-0.315-0.51-0.615-0.673-1.035c-0.123-0.317-0.27-0.794-0.31-1.671C4.631,14.688,4.622,14.403,4.622,12 s0.009-2.688,0.052-3.637c0.04-0.877,0.187-1.354,0.31-1.671c0.163-0.42,0.358-0.72,0.673-1.035 c0.315-0.315,0.615-0.51,1.035-0.673c0.317-0.123,0.794-0.27,1.671-0.31C9.312,4.631,9.597,4.622,12,4.622 M12,3 C9.556,3,9.249,3.01,8.289,3.054C7.331,3.098,6.677,3.25,6.105,3.472C5.513,3.702,5.011,4.01,4.511,4.511 c-0.5,0.5-0.808,1.002-1.038,1.594C3.25,6.677,3.098,7.331,3.054,8.289C3.01,9.249,3,9.556,3,12c0,2.444,0.01,2.751,0.054,3.711 c0.044,0.958,0.196,1.612,0.418,2.185c0.23,0.592,0.538,1.094,1.038,1.594c0.5,0.5,1.002,0.808,1.594,1.038 c0.572,0.222,1.227,0.375,2.185,0.418C9.249,20.99,9.556,21,12,21s2.751-0.01,3.711-0.054c0.958-0.044,1.612-0.196,2.185-0.418 c0.592-0.23,1.094-0.538,1.594-1.038c0.5-0.5,0.808-1.002,1.038-1.594c0.222-0.572,0.375-1.227,0.418-2.185 C20.99,14.751,21,14.444,21,12s-0.01-2.751-0.054-3.711c-0.044-0.958-0.196-1.612-0.418-2.185c-0.23-0.592-0.538-1.094-1.038-1.594 c-0.5-0.5-1.002-0.808-1.594-1.038c-0.572-0.222-1.227-0.375-2.185-0.418C14.751,3.01,14.444,3,12,3L12,3z M12,7.378 c-2.552,0-4.622,2.069-4.622,4.622S9.448,16.622,12,16.622s4.622-2.069,4.622-4.622S14.552,7.378,12,7.378z M12,15 c-1.657,0-3-1.343-3-3s1.343-3,3-3s3,1.343,3,3S13.657,15,12,15z M16.804,6.116c-0.596,0-1.08,0.484-1.08,1.08 s0.484,1.08,1.08,1.08c0.596,0,1.08-0.484,1.08-1.08S17.401,6.116,16.804,6.116z\"><\/path><\/svg><span class=\"wp-block-social-link-label\">Instagram<\/span><\/a><\/li><\/ul>\n","protected":false},"excerpt":{"rendered":"<p>\u00c9ld \u00e1t a horg\u00e1szat \u00e9lm\u00e9ny\u00e9t Magyarorsz\u00e1gon exkluz\u00edv t\u00f3parti h\u00e1zakban. Ha saj\u00e1t st\u00e9ggel rendelkez\u0151 sz\u00e1ll\u00e1st keresel, itt megtal\u00e1lod a t\u00f6k\u00e9letes nyugalmat \u00e9s felt\u00e9teleket. A pihen\u00e9s &#8230; <a title=\"Horg\u00e1szat Magyarorsz\u00e1gon \u2013 t\u00f3parti h\u00e1zak &#8211; Iglice\" class=\"read-more\" href=\"https:\/\/carp-austria.com\/hu\/iglice\/\" aria-label=\"Read more about Horg\u00e1szat Magyarorsz\u00e1gon \u2013 t\u00f3parti h\u00e1zak &#8211; Iglice\">Olvass tov\u00e1bb<\/a><\/p>\n","protected":false},"author":576,"featured_media":107450,"comment_status":"closed","ping_status":"closed","sticky":false,"template":"","format":"standard","meta":{"_acf_changed":false,"inline_featured_image":false,"iawp_total_views":5,"footnotes":""},"categories":[2936,454],"tags":[],"class_list":["post-107449","post","type-post","status-publish","format-standard","has-post-thumbnail","hentry","category-horgaszutak-horgaszvizek","category-kiallitok","generate-columns","tablet-grid-50","mobile-grid-100","grid-parent","grid-25"],"acf":[],"_links":{"self":[{"href":"https:\/\/carp-austria.com\/hu\/wp-json\/wp\/v2\/posts\/107449","targetHints":{"allow":["GET"]}}],"collection":[{"href":"https:\/\/carp-austria.com\/hu\/wp-json\/wp\/v2\/posts"}],"about":[{"href":"https:\/\/carp-austria.com\/hu\/wp-json\/wp\/v2\/types\/post"}],"author":[{"embeddable":true,"href":"https:\/\/carp-austria.com\/hu\/wp-json\/wp\/v2\/users\/576"}],"replies":[{"embeddable":true,"href":"https:\/\/carp-austria.com\/hu\/wp-json\/wp\/v2\/comments?post=107449"}],"version-history":[{"count":2,"href":"https:\/\/carp-austria.com\/hu\/wp-json\/wp\/v2\/posts\/107449\/revisions"}],"predecessor-version":[{"id":128334,"href":"https:\/\/carp-austria.com\/hu\/wp-json\/wp\/v2\/posts\/107449\/revisions\/128334"}],"wp:featuredmedia":[{"embeddable":true,"href":"https:\/\/carp-austria.com\/hu\/wp-json\/wp\/v2\/media\/107450"}],"wp:attachment":[{"href":"https:\/\/carp-austria.com\/hu\/wp-json\/wp\/v2\/media?parent=107449"}],"wp:term":[{"taxonomy":"category","embeddable":true,"href":"https:\/\/carp-austria.com\/hu\/wp-json\/wp\/v2\/categories?post=107449"},{"taxonomy":"post_tag","embeddable":true,"href":"https:\/\/carp-austria.com\/hu\/wp-json\/wp\/v2\/tags?post=107449"}],"curies":[{"name":"wp","href":"https:\/\/api.w.org\/{rel}","templated":true}]}}