{"id":79768,"date":"2025-08-11T15:07:25","date_gmt":"2025-08-11T15:07:25","guid":{"rendered":"https:\/\/carp-austria.com\/zpravodaj-z-11-srpna\/"},"modified":"2026-04-24T14:56:54","modified_gmt":"2026-04-24T12:56:54","slug":"zpravodaj-z-11-srpna","status":"publish","type":"post","link":"https:\/\/carp-austria.com\/cs\/zpravodaj-z-11-srpna\/","title":{"rendered":"Zpravodaj z 11. srpna"},"content":{"rendered":"\n<p><mark style=\"background-color:rgba(0, 0, 0, 0)\" class=\"has-inline-color has-primr-rot-cta-color\"><strong>Dieser Beitrag ist ein Archiv des Carp Austria Newsletters vom 11. August 2025. <a href=\"https:\/\/carp-austria.com\/aussteller\/\">Aktuelle Aussteller<\/a>, Marken und Messe-Highlights zur <a href=\"https:\/\/carp-austria.com\/\">Carp Austria 2026<\/a> findest du in unseren aktuellen <a href=\"https:\/\/carp-austria.com\/news\/\">Messe-News<\/a> und Ausstellerseiten.<\/strong><\/mark><\/p>\n<div class=\"gb-container gb-container-52558d6a\">\n<div class=\"gb-container gb-container-06e9e5a8\">\n\n<p>Auf der Carp Austria erwarten dich <strong>viele neue Messe-Highlights<\/strong> \u2013 unter anderem die <strong>gr\u00f6\u00dfte TRAKKER Erlebniswelt \u00d6sterreichs<\/strong> mit allen Neuheiten auf <strong>300 m\u00b2<\/strong> sowie die <strong>Mega-Ausstellung von Sportex<\/strong> mit dem <strong>kompletten Karpfenruten-Programm<\/strong>. Nat\u00fcrlich sind auch die <a href=\"https:\/\/carp-austria.com\/sportex\/\" data-type=\"post\" data-id=\"77360\">Sportex Karpfenruten<\/a> mit am Start.<\/p>\n\n\n\n<p>P\u0159in\u00e1\u0161\u00edme v\u00e1m tak\u00e9 prvn\u00ed pohled na sou\u010dasn\u00fd pl\u00e1n haly &#8211; a je to vid\u011bt: Veletrh se st\u00e1le rozr\u016fst\u00e1 a d\u011bje se toho hodn\u011b!<\/p>\n\n\n\n<p>T\u011b\u0161te se na nezapomenuteln\u00fd z\u00e1\u017eitek z veletrhu.<\/p>\n\n\n\n<p>Uvid\u00edme se na Carp Austria v Aren\u011b Nova!<\/p>\n\n<\/div>\n\n<div class=\"gb-container gb-container-116406bb\">\n<div class=\"gb-container gb-container-47b5c8f2\">\n\n<figure class=\"wp-block-image size-large\"><a href=\"https:\/\/carp-austria.com\/cs\/trakker-tackle\/\" target=\"_blank\" rel=\" noreferrer noopener\"><img loading=\"lazy\" decoding=\"async\" width=\"1080\" height=\"802\" src=\"data:image\/gif;base64,R0lGODlhAQABAAAAACH5BAEKAAEALAAAAAABAAEAAAICTAEAOw==\" alt=\"Inovace Trakker Tempest RS Camo na veletrhu CArp Austria Carp\" class=\"wp-image-46009 lazyload\" sizes=\"auto, (max-width: 1080px) 100vw, 1080px\" data-src=\"https:\/\/carp-austria.com\/wp-content\/uploads\/2024\/08\/trakker-tempest-rs-camo-neuheiten-karpfenmesse-1080x802.jpg\" data-srcset=\"https:\/\/carp-austria.com\/wp-content\/uploads\/2024\/08\/trakker-tempest-rs-camo-neuheiten-karpfenmesse-1080x802.jpg 1080w, https:\/\/carp-austria.com\/wp-content\/uploads\/2024\/08\/trakker-tempest-rs-camo-neuheiten-karpfenmesse-360x267.jpg 360w, https:\/\/carp-austria.com\/wp-content\/uploads\/2024\/08\/trakker-tempest-rs-camo-neuheiten-karpfenmesse-768x570.jpg 768w, https:\/\/carp-austria.com\/wp-content\/uploads\/2024\/08\/trakker-tempest-rs-camo-neuheiten-karpfenmesse.jpg 1280w\"><\/a><\/figure>\n\n<\/div>\n\n\n<div style=\"height:15px\" aria-hidden=\"true\" class=\"wp-block-spacer\"><\/div>\n\n\n\n<div class=\"wp-block-group is-vertical is-layout-flex wp-container-core-group-is-layout-8cf370e7 wp-block-group-is-layout-flex\">\n<div class=\"wp-block-group is-vertical is-layout-flex wp-container-core-group-is-layout-8cf370e7 wp-block-group-is-layout-flex\">\n<h2 class=\"wp-block-heading\">Trakker Products s novou expozic\u00ed MEGA na veletrhu Carp Austria!<\/h2>\n\n\n\n<p>Objevte v\u0161echny nov\u00e9 produkty <strong>na\u017eivo<\/strong> &#8211; ve velkolep\u00e9m <strong>sv\u011bt\u011b z\u00e1\u017eitk\u016f TRAKKER PRODUCTS<\/strong> o rozloze 300 m\u00b2!<\/p>\n\n\n\n<p><mark style=\"background-color:rgba(0, 0, 0, 0)\" class=\"has-inline-color has-accent-2-color\"><strong>Dich erwartet das volle Sortiment:<\/strong><\/mark> <strong>\u2713 alle TTempest Modelle &#8211; Gr\u00fcn oder Camouflage &#8211; Social Caps <strong>\u2713<\/strong><\/strong> <strong>Power Pack\u00b4s \u2713 Endtackle \u2713 Propel Ruten \u2713 Trakker Bekleidung &#8211; Vollprogramm \u2713 NXC &amp; RLX Camo Sortiment \u2713 NEU:<\/strong> <strong>Trakker Armolife CG4 Stove | Gaskocher<\/strong> + <strong>komplette<\/strong> <strong>ARMOLIFE Programm, Bissanzeiger, Endtackle, Bleie und vieles mehr!<\/strong><\/p>\n\n\n\n<p><strong>Test v\u0161ech model\u016f ryb\u00e1\u0159sk\u00fdch prut\u016f Propel \u2713 Oble\u010den\u00ed TechPro \u2713 Zimn\u00ed obleky CR \u2713 Leh\u00e1tka a k\u0159esla \u2713 Cel\u00e1 \u0159ada zavazadel a \u00falo\u017en\u00fdch prostor Trakker&#8230;  <\/strong><\/p>\n<\/div>\n\n\n\n<p><strong>&#8230;a to NEJLEP\u0160\u00cd za neuv\u011b\u0159iteln\u00e9 veletr\u017en\u00ed ceny!<\/strong><\/p>\n<\/div>\n\n<\/div>\n\n\n<div style=\"height:20px\" aria-hidden=\"true\" class=\"wp-block-spacer\"><\/div>\n\n\n\n<div class=\"wp-block-buttons is-layout-flex wp-block-buttons-is-layout-flex\">\n<div class=\"wp-block-button is-style-fill\"><a class=\"wp-block-button__link has-medium-font-size has-custom-font-size wp-element-button\" href=\"https:\/\/carp-austria.com\/cs\/trakker-tackle\/\" style=\"border-radius:0px\" target=\"_blank\" rel=\"noreferrer noopener\"><strong>Trakker Tackle Neuheiten<\/strong><\/a><\/div>\n<\/div>\n\n\n\n<hr class=\"wp-block-separator has-alpha-channel-opacity\"\/>\n\n\n<div class=\"gb-container gb-container-324259dc\">\n\n<h2 class=\"wp-block-heading\">V\u00fdstava SPORTEX Mega &#8211; kompletn\u00ed program kaprov\u00fdch prut\u016f!<\/h2>\n\n\n<div class=\"gb-container gb-container-784aa322\">\n\n<figure class=\"wp-block-image size-large\"><a href=\"https:\/\/carp-austria.com\/cs\/sportex\/\" target=\"_blank\" rel=\" noreferrer noopener\"><img loading=\"lazy\" decoding=\"async\" width=\"1080\" height=\"717\" src=\"data:image\/gif;base64,R0lGODlhAQABAAAAACH5BAEKAAEALAAAAAABAAEAAAICTAEAOw==\" alt=\"\" class=\"wp-image-79509 lazyload\" sizes=\"auto, (max-width: 1080px) 100vw, 1080px\" data-src=\"https:\/\/carp-austria.com\/wp-content\/uploads\/2025\/08\/sportex-ruten-1080x717.jpg\" data-srcset=\"https:\/\/carp-austria.com\/wp-content\/uploads\/2025\/08\/sportex-ruten-1080x717.jpg 1080w, https:\/\/carp-austria.com\/wp-content\/uploads\/2025\/08\/sportex-ruten-360x239.jpg 360w, https:\/\/carp-austria.com\/wp-content\/uploads\/2025\/08\/sportex-ruten-768x510.jpg 768w, https:\/\/carp-austria.com\/wp-content\/uploads\/2025\/08\/sportex-ruten.jpg 1280w\"><\/a><\/figure>\n\n\n\n<div style=\"height:15px\" aria-hidden=\"true\" class=\"wp-block-spacer\"><\/div>\n\n\n\n<div class=\"wp-block-group is-vertical is-layout-flex wp-container-core-group-is-layout-8cf370e7 wp-block-group-is-layout-flex\">\n<p>Senzace je dokonal\u00e1: SPORTEX se na veletrhu Carp Austria poprv\u00e9 p\u0159edstavuje s v\u00fdstavn\u00edm st\u00e1nkem MEGA! SPORTEX je symbolem vysoce kvalitn\u00edch ryb\u00e1\u0159sk\u00fdch prut\u016f &#8211; a je prvn\u00ed volbou pro v\u0161echny, kte\u0159\u00ed p\u0159i ryba\u0159en\u00ed ned\u011blaj\u00ed kompromisy. <\/p>\n\n\n\n<p>Pokud jste v\u00e1\u0161niv\u00fdmi ryb\u00e1\u0159i kapr\u016f nebo dravc\u016f a cen\u00edte si kvality, rozhodn\u011b byste si nem\u011bli nechat uj\u00edt tento vrcholn\u00fd z\u00e1\u017eitek!<\/p>\n\n\n\n<p>Erlebe das komplette <a href=\"https:\/\/carp-austria.com\/sportex\/\" data-type=\"link\" data-id=\"https:\/\/carp-austria.com\/sportex\/\">SPORTEX Karpfenruten Programm<\/a> hautnah \u2013 inklusive pers\u00f6nlicher Beratung durch das Entwicklerteam, das die Ruten entworfen hat.\u00a0<\/p>\n\n\n\n<p>Vyu\u017eijte p\u0159\u00edle\u017eitosti kl\u00e1st ot\u00e1zky, vyzvednout si pruty a p\u0159esv\u011bd\u010dit se o kvalit\u011b a inovac\u00edch na vlastn\u00ed o\u010di.<\/p>\n\n\n\n<p>Na startu samoz\u0159ejm\u011b nechyb\u00ed ani drav\u00e9 a m\u00edrov\u00e9 ryb\u00e1\u0159sk\u00e9 pruty SPORTEX!<\/p>\n\n\n\n<p><strong>Naprost\u00e1 nutnost pro v\u0161echny fanou\u0161ky SPORTEXu &#8211; a pro v\u0161echny, kte\u0159\u00ed se jimi cht\u011bj\u00ed st\u00e1t!<\/strong><\/p>\n<\/div>\n\n<\/div>\n\n\n<div style=\"height:19px\" aria-hidden=\"true\" class=\"wp-block-spacer\"><\/div>\n\n\n\n<div class=\"wp-block-buttons is-layout-flex wp-block-buttons-is-layout-flex\">\n<div class=\"wp-block-button\"><a class=\"wp-block-button__link has-medium-font-size has-custom-font-size wp-element-button\" href=\"https:\/\/carp-austria.com\/cs\/sportex\/\" style=\"border-radius:0px\" target=\"_blank\" rel=\"noreferrer noopener\">Klikn\u011bte zde: Ryb\u00e1\u0159sk\u00e9 pruty Sportex<\/a><\/div>\n<\/div>\n\n<\/div>\n\n\n<hr class=\"wp-block-separator has-alpha-channel-opacity\"\/>\n\n\n<div class=\"gb-container gb-container-0a469949\">\n\n<h2 class=\"wp-block-heading\">P\u0159ihlaste se k odb\u011bru newsletteru!<\/h2>\n\n\n\n<iframe loading=\"lazy\" width=\"1200\" height=\"1000\" src=\"https:\/\/e6d171b5.sibforms.com\/serve\/MUIFAM_HrP9MoNeWxO73H0MnHl3PLZaWCQ3F8eL5KwBGBPHNergPPDZv1epCUjiu4Bc17MrQlWH-M6t1gOefvAqA-15BEHAkWGNlGTLMsY1meAMflvg5mRPdedYhKggjwA2qJrWx3rFyTg-AkN3I4kdCZsg8ZHsy0pOLD2D8X0NwEQdgeb8mGKQ0_26TPEiB9yXJZSCgqgUpQdUD\" frameborder=\"0\" scrolling=\"auto\" allowfullscreen=\"\" style=\"display: block;margin-left: auto;margin-right: auto;max-width: 100%;\"><\/iframe>\n\n<\/div>\n\n\n<div style=\"height:25px\" aria-hidden=\"true\" class=\"wp-block-spacer\"><\/div>\n\n\n<div class=\"gb-container gb-container-7af5dab8\">\n\n<h2 class=\"wp-block-heading\"><strong>CARP AUSTRIA  \u2013 JETZT ONLINE-TICKETS KAUFEN &amp; SPAREN!<\/strong><\/h2>\n\n\n\n<p><strong>Online vstupenky<\/strong> s p\u0159\u00edm\u00fdm vstupem na veletrh &#8211; \u017e\u00e1dn\u00e9 fronty u pokladen.<\/p>\n\n\n\n<p>\ud83d\udce2 <strong>Kupte nyn\u00ed online a u\u0161et\u0159ete 2 eura!<\/strong> <\/p>\n\n\n\n<div style=\"height:19px\" aria-hidden=\"true\" class=\"wp-block-spacer\"><\/div>\n\n\n\n<div class=\"wp-block-buttons is-layout-flex wp-block-buttons-is-layout-flex\">\n<div class=\"wp-block-button\"><a class=\"wp-block-button__link has-medium-font-size has-custom-font-size wp-element-button\" href=\"https:\/\/carp-austria.com\/cs\/prodejna-vstupenek\/\" style=\"border-radius:0px\" target=\"_blank\" rel=\"noreferrer noopener\">TICKETSHOP<\/a><\/div>\n<\/div>\n\n<\/div>\n\n\n<hr class=\"wp-block-separator has-alpha-channel-opacity\"\/>\n\n\n<div class=\"gb-container gb-container-84fc10c7\">\n\n<h2 class=\"wp-block-heading\">Pl\u00e1n haly Carp Austria &#8211; prvn\u00ed poznatky<\/h2>\n\n\n<div class=\"gb-container gb-container-fa56ebd8\">\n\n<figure class=\"wp-block-image size-large\"><a href=\"https:\/\/carp-austria.com\/cs\/plan-arealu-carp-austria-2025-4-haly-1-megaakce\/\" target=\"_blank\" rel=\" noreferrer noopener\"><img loading=\"lazy\" decoding=\"async\" width=\"764\" height=\"1080\" src=\"data:image\/gif;base64,R0lGODlhAQABAAAAACH5BAEKAAEALAAAAAABAAEAAAICTAEAOw==\" alt=\"\" class=\"wp-image-79533 lazyload\" sizes=\"auto, (max-width: 764px) 100vw, 764px\" data-src=\"https:\/\/carp-austria.com\/wp-content\/uploads\/2025\/08\/Hallenplan-besucher_entwurf_1280-764x1080.jpg\" data-srcset=\"https:\/\/carp-austria.com\/wp-content\/uploads\/2025\/08\/Hallenplan-besucher_entwurf_1280-764x1080.jpg 764w, https:\/\/carp-austria.com\/wp-content\/uploads\/2025\/08\/Hallenplan-besucher_entwurf_1280-255x360.jpg 255w, https:\/\/carp-austria.com\/wp-content\/uploads\/2025\/08\/Hallenplan-besucher_entwurf_1280-768x1086.jpg 768w, https:\/\/carp-austria.com\/wp-content\/uploads\/2025\/08\/Hallenplan-besucher_entwurf_1280-1086x1536.jpg 1086w, https:\/\/carp-austria.com\/wp-content\/uploads\/2025\/08\/Hallenplan-besucher_entwurf_1280.jpg 1280w\"><\/a><\/figure>\n\n<\/div>\n\n\n<div class=\"wp-block-group is-vertical is-layout-flex wp-container-core-group-is-layout-8cf370e7 wp-block-group-is-layout-flex\">\n<p><strong>Carp Austria w\u00e4chst weiter!<\/strong><\/p>\n\n\n\n<p>Ji\u017e nyn\u00ed je p\u0159ihl\u00e1\u0161eno v\u00edce vystavovatel\u016f ne\u017e kdykoli p\u0159edt\u00edm &#8211; rekord!<\/p>\n\n\n\n<p><strong>Hala 1 je zcela zapln\u011bna.<br\/>Haly 2 a 3<\/strong> jsou ji\u017e z 90 % zapln\u011bny.<\/p>\n\n\n\n<p>Mnoho nov\u00fdch velk\u00fdch vystavovatel\u016f teprve p\u0159ijde.<\/p>\n\n\n\n<p>T\u011b\u0161te se na nejv\u011bt\u0161\u00edho kapra v\u0161ech dob v Rakousku!<\/p>\n<\/div>\n\n\n\n<div style=\"height:20px\" aria-hidden=\"true\" class=\"wp-block-spacer\"><\/div>\n\n\n\n<div class=\"wp-block-buttons is-layout-flex wp-block-buttons-is-layout-flex\">\n<div class=\"wp-block-button\"><a class=\"wp-block-button__link has-medium-font-size has-custom-font-size wp-element-button\" href=\"https:\/\/carp-austria.com\/cs\/plan-arealu-carp-austria-2025-4-haly-1-megaakce\/\" style=\"border-radius:0px\" target=\"_blank\" rel=\"noreferrer noopener\">Hallen &#8211; Gel\u00e4ndeplan<\/a><\/div>\n<\/div>\n\n<\/div>\n\n\n<hr class=\"wp-block-separator has-alpha-channel-opacity\"\/>\n\n\n<div class=\"gb-container gb-container-24915702\">\n\n<h2 class=\"wp-block-heading\"><strong>Akce na ryb\u00e1\u0159sk\u00e9 v\u011bdro: nejlevn\u011bj\u0161\u00ed maskovac\u00ed ryb\u00e1\u0159sk\u00e9 v\u011bdro v Evrop\u011b<\/strong><\/h2>\n\n\n<div class=\"gb-container gb-container-59b6263c\">\n\n<figure class=\"wp-block-image size-full\"><a href=\"https:\/\/carp-austria.com\/cs\/akce-na-rybarske-vedro-nejlevnejsi-maskovaci-rybarske-vedro-v-evrope\/\" target=\"_blank\" rel=\" noreferrer noopener\"><img loading=\"lazy\" decoding=\"async\" width=\"1080\" height=\"1080\" src=\"data:image\/gif;base64,R0lGODlhAQABAAAAACH5BAEKAAEALAAAAAABAAEAAAICTAEAOw==\" alt=\"\" class=\"wp-image-79546 lazyload\" sizes=\"auto, (max-width: 1080px) 100vw, 1080px\" data-src=\"https:\/\/carp-austria.com\/wp-content\/uploads\/2025\/08\/angeleimer-aktion_1080_web.jpg\" data-srcset=\"https:\/\/carp-austria.com\/wp-content\/uploads\/2025\/08\/angeleimer-aktion_1080_web.jpg 1080w, https:\/\/carp-austria.com\/wp-content\/uploads\/2025\/08\/angeleimer-aktion_1080_web-360x360.jpg 360w, https:\/\/carp-austria.com\/wp-content\/uploads\/2025\/08\/angeleimer-aktion_1080_web-155x155.jpg 155w, https:\/\/carp-austria.com\/wp-content\/uploads\/2025\/08\/angeleimer-aktion_1080_web-768x768.jpg 768w\"><\/a><\/figure>\n\n<\/div>\n\n\n<p><\/p>\n\n\n\n<p><strong>Carp Austria<\/strong> je zn\u00e1m\u00e1 sv\u00fdmi bezkonkuren\u010dn\u00edmi cenami pro vystavovatele &#8211; nyn\u00ed jdeme je\u0161t\u011b d\u00e1l!<\/p>\n\n\n\n<p>S hrdost\u00ed v\u00e1m p\u0159edstavujeme aktu\u00e1ln\u00ed <strong>nab\u00eddku kbel\u00edk\u016f v sad\u011b 5 kus\u016f<\/strong>:<br\/>\u2705 <strong>Ka\u017ed\u00fd jen za 5,98 \u20ac<\/strong><br\/>\u2705 <strong>V jedine\u010dn\u00e9m mask\u00e1\u010dov\u00e9m designu Carp Austria<\/strong><br\/>\u2705 <strong>Pouze do vyprod\u00e1n\u00ed z\u00e1sob.<\/strong><\/p>\n\n\n\n<p>\ud83d\udca5 <strong>Toto je nejlevn\u011bj\u0161\u00ed maskovac\u00ed ryb\u00e1\u0159sk\u00fd kbel\u00edk v Evrop\u011b!<\/strong><\/p>\n\n\n\n<p>Srovnateln\u00e9 modely n\u011bkdy stoj\u00ed i dvakr\u00e1t tolik &#8211; u n\u00e1s z\u00edsk\u00e1te kvalitu, funk\u010dnost a styl za speci\u00e1ln\u00ed veletr\u017en\u00ed cenu.<\/p>\n\n\n\n<p>\ud83d\udc49 <a href=\"\/?page_id=5431\" target=\"_blank\" rel=\"noreferrer noopener\">Jetzt 5er-Set sichern &amp; auf der Carp Austria abholen!<\/a><\/p>\n\n\n\n<div style=\"height:20px\" aria-hidden=\"true\" class=\"wp-block-spacer\"><\/div>\n\n\n\n<div class=\"wp-block-buttons is-layout-flex wp-block-buttons-is-layout-flex\">\n<div class=\"wp-block-button\"><a class=\"wp-block-button__link has-medium-font-size has-custom-font-size wp-element-button\" href=\"https:\/\/carp-austria.com\/cs\/akce-na-rybarske-vedro-nejlevnejsi-maskovaci-rybarske-vedro-v-evrope\/\" style=\"border-radius:0px\" target=\"_blank\" rel=\"noreferrer noopener\">Pro v\u00edce informac\u00ed klikn\u011bte zde<\/a><\/div>\n<\/div>\n\n<\/div>\n\n\n<hr class=\"wp-block-separator has-alpha-channel-opacity\"\/>\n\n\n<div class=\"gb-container gb-container-8298c683\">\n\n<h2 class=\"wp-block-heading\">Kbel\u00edk s p\u0159ekvapen\u00edm ANACONDA  <\/h2>\n\n\n<div class=\"gb-container gb-container-40407a5b\">\n\n<figure class=\"wp-block-image size-full\"><a href=\"https:\/\/carp-austria.com\/cs\/akce-anaconda-bucket-se-4-poukazy-extra-surprise\/\" target=\"_blank\" rel=\" noreferrer noopener\"><img loading=\"lazy\" decoding=\"async\" width=\"1280\" height=\"720\" src=\"data:image\/gif;base64,R0lGODlhAQABAAAAACH5BAEKAAEALAAAAAABAAEAAAICTAEAOw==\" alt=\"\" class=\"wp-image-79598 lazyload\" sizes=\"auto, (max-width: 1280px) 100vw, 1280px\" data-src=\"https:\/\/carp-austria.com\/wp-content\/uploads\/2025\/08\/Anaconda-eimer-ueberraschung-eimer1280.jpg\" data-srcset=\"https:\/\/carp-austria.com\/wp-content\/uploads\/2025\/08\/Anaconda-eimer-ueberraschung-eimer1280.jpg 1280w, https:\/\/carp-austria.com\/wp-content\/uploads\/2025\/08\/Anaconda-eimer-ueberraschung-eimer1280-360x203.jpg 360w, https:\/\/carp-austria.com\/wp-content\/uploads\/2025\/08\/Anaconda-eimer-ueberraschung-eimer1280-1080x608.jpg 1080w, https:\/\/carp-austria.com\/wp-content\/uploads\/2025\/08\/Anaconda-eimer-ueberraschung-eimer1280-768x432.jpg 768w\"><\/a><\/figure>\n\n<\/div>\n\n\n<p><\/p>\n\n\n\n<div class=\"wp-block-group is-vertical is-layout-flex wp-container-core-group-is-layout-8cf370e7 wp-block-group-is-layout-flex\">\n<p>Kone\u010dn\u011b jsou tu prvn\u00ed fotografie zbrusu nov\u00fdch <strong>kbel\u00edk\u016f s p\u0159ekvapen\u00edm Carp Austria<\/strong>, kter\u00e9 jsou a\u017e po okraj napln\u011bn\u00e9 vysoce kvalitn\u00edm <strong>ryb\u00e1\u0159sk\u00fdm n\u00e1\u010din\u00edm a p\u0159\u00edslu\u0161enstv\u00edm, kter\u00e9<\/strong> skute\u010dn\u011b inspiruje. <strong>Zde najdete prvn\u00ed post\u0159ehy: <\/strong> <\/p>\n\n\n\n<p><strong>\ud83d\udc49 <\/strong><a href=\"http:\/\/www.carp-austria.com\/eimer-aktionen\/\" target=\"_blank\" rel=\"noreferrer noopener\"><strong>www.carp-austria.com\/eimer-aktionen\/<\/strong><\/a><\/p>\n\n\n\n<p>\ud83c\udf81 Ka\u017ed\u00fd kbel\u00edk je a\u017e po okraj napln\u011bn ryb\u00e1\u0159sk\u00fdm n\u00e1\u010din\u00edm a p\u0159\u00edslu\u0161enstv\u00edm, pe\u010dliv\u011b sestaven\u00fdm a p\u0159\u00edsn\u011b limitovan\u00fdm &#8211; nezbytnost pro v\u0161echny ryb\u00e1\u0159e!<\/p>\n\n\n\n<p><br\/>S pln\u00fdm p\u0159esv\u011bd\u010den\u00edm \u0159\u00edk\u00e1me: <strong>Jedn\u00e1 se o nejkvalitn\u011bj\u0161\u00ed kbel\u00edky s p\u0159ekvapen\u00edm v\u016fbec!<\/strong><\/p>\n<\/div>\n\n\n\n<p><strong>Dal\u0161\u00ed 4 MEGA \u0161ance na v\u00fdhru skryt\u00e9 v kbel\u00edc\u00edch!<\/strong><\/p>\n\n\n\n<div class=\"wp-block-group is-vertical is-layout-flex wp-container-core-group-is-layout-8cf370e7 wp-block-group-is-layout-flex\">\n<p>\ud83c\udf81 <strong>D\u00c1RKOV\u00dd POUKAZ: 2x <a href=\"https:\/\/carp-austria.com\/cs\/anaconda-tackle-vyhrajte-nejlepsi-nove-produkty-pro-vas-lov-kapru\/#2x-CX-2-CORKY-Karpfenruten\" target=\"_blank\" rel=\"noreferrer noopener\">kaprov\u00fd prut CX-2 CORKY<\/a><\/strong><br\/>Dva elegantn\u00ed kaprov\u00e9 pruty CORKY ze s\u00e9rie CX-2 &#8211; p\u0159esn\u00e9, v\u00fdkonn\u00e9 a p\u0159ipraven\u00e9 na velk\u00e9 \u00falovky!<\/p>\n\n\n\n<p>\ud83c\udf81 <strong>VOUCHER: <a href=\"https:\/\/carp-austria.com\/cs\/anaconda-tackle-vyhrajte-nejlepsi-nove-produkty-pro-vas-lov-kapru\/#Air-Care-Carp-Cradle\" target=\"_blank\" rel=\"noreferrer noopener\">Kol\u00e9bka na kapry &#8222;Air Care&#8220;<\/a><\/strong><br\/>\u0160etrn\u00e9 odh\u00e1\u010dkov\u00e1n\u00ed va\u0161eho dal\u0161\u00edho kapra &#8211; s inovativn\u00ed <em>kol\u00e9bkou na kapry Air Care<\/em>!<\/p>\n\n\n\n<p>\ud83c\udf81 <strong>D\u00c1RKOV\u00dd POUKAZ: <a href=\"https:\/\/carp-austria.com\/cs\/anaconda-tackle-vyhrajte-nejlepsi-nove-produkty-pro-vas-lov-kapru\/#Champions-Scoop-HC-330-Kescher\" target=\"_blank\" rel=\"noreferrer noopener\">Pr\u00e9miov\u00fd podb\u011br\u00e1k &#8222;Champions Scoop HC-330<\/a><\/strong>&#8222;<br\/>Speci\u00e1ln\u00ed kaprov\u00fd podb\u011br\u00e1k syst\u00e9mu 3 v 1 pro n\u00e1ro\u010dn\u00e9 ryb\u00e1\u0159e &#8211; podb\u011br\u00e1k na lo\u010f, standardn\u00ed d\u00e9lka a extra d\u00e9lka d\u00edky 3 sekc\u00edm.<\/p>\n\n\n\n<p>\ud83c\udf81 <strong>D\u00c1RKOV\u00dd POUKAZ: <a href=\"https:\/\/carp-austria.com\/cs\/anaconda-tackle-vyhrajte-nejlepsi-nove-produkty-pro-vas-lov-kapru\/#Shimano-Ultegra-14000-XTE\" target=\"_blank\" rel=\"noreferrer noopener\">3 <\/a><\/strong> navij\u00e1ky <strong> Shimano Ultegra 14000 XTE <\/strong><br\/>\u010cekaj\u00ed na v\u00e1s t\u0159i vysoce kvalitn\u00ed kaprov\u00e9 navij\u00e1ky Shimano Ultegra 14000 XTE big bit, kter\u00e9 jsou exkluzivn\u00ed a najdete je pouze v kbel\u00edku s p\u0159ekvapen\u00edm!<\/p>\n<\/div>\n\n\n\n<p>V\u00edce informac\u00ed o \u0161anc\u00edch na v\u00fdhru v sout\u011b\u017ei MEGE najdete zde: <a href=\"https:\/\/carp-austria.com\/cs\/anaconda-tackle-vyhrajte-nejlepsi-nove-produkty-pro-vas-lov-kapru\/\" target=\"_blank\" rel=\"noreferrer noopener\">Anaconda Tackle: Vyhrajte TOP novinky<\/a><\/p>\n\n\n\n<div style=\"height:20px\" aria-hidden=\"true\" class=\"wp-block-spacer\"><\/div>\n\n\n\n<div class=\"wp-block-buttons is-layout-flex wp-block-buttons-is-layout-flex\">\n<div class=\"wp-block-button\"><a class=\"wp-block-button__link has-medium-font-size has-custom-font-size wp-element-button\" href=\"https:\/\/carp-austria.com\/cs\/akce-anaconda-bucket-se-4-poukazy-extra-surprise\/\" style=\"border-radius:0px\" target=\"_blank\" rel=\"noreferrer noopener\">Pro v\u00edce informac\u00ed klikn\u011bte zde<\/a><\/div>\n<\/div>\n\n<\/div>\n\n\n<hr class=\"wp-block-separator has-alpha-channel-opacity\"\/>\n\n\n<div class=\"gb-container gb-container-088231f6\">\n\n<h2 class=\"wp-block-heading\">Novinka: <strong>Online j\u00edzdenka + 1 kbel\u00edk na kapry (pr\u00e1zdn\u00fd)<\/strong><\/h2>\n\n\n<div class=\"gb-container gb-container-9a2c7b85\">\n\n<figure class=\"wp-block-image size-full\"><a href=\"https:\/\/carp-austria.com\/cs\/prodejna-vstupenek\/\" target=\"_blank\" rel=\" noreferrer noopener\"><img loading=\"lazy\" decoding=\"async\" width=\"1080\" height=\"1080\" src=\"data:image\/gif;base64,R0lGODlhAQABAAAAACH5BAEKAAEALAAAAAABAAEAAAICTAEAOw==\" alt=\"\" class=\"wp-image-79557 lazyload\" sizes=\"auto, (max-width: 1080px) 100vw, 1080px\" data-src=\"https:\/\/carp-austria.com\/wp-content\/uploads\/2025\/08\/ticket-eimer_1080_web.jpg\" data-srcset=\"https:\/\/carp-austria.com\/wp-content\/uploads\/2025\/08\/ticket-eimer_1080_web.jpg 1080w, https:\/\/carp-austria.com\/wp-content\/uploads\/2025\/08\/ticket-eimer_1080_web-360x360.jpg 360w, https:\/\/carp-austria.com\/wp-content\/uploads\/2025\/08\/ticket-eimer_1080_web-155x155.jpg 155w, https:\/\/carp-austria.com\/wp-content\/uploads\/2025\/08\/ticket-eimer_1080_web-768x768.jpg 768w\"><\/a><\/figure>\n\n<\/div>\n<\/div>\n\n\n<p><\/p>\n\n\n\n<div style=\"height:25px\" aria-hidden=\"true\" class=\"wp-block-spacer\"><\/div>\n\n\n\n<div class=\"wp-block-buttons is-layout-flex wp-block-buttons-is-layout-flex\">\n<div class=\"wp-block-button\"><a class=\"wp-block-button__link has-medium-font-size has-custom-font-size wp-element-button\" href=\"https:\/\/carp-austria.com\/cs\/prodejna-vstupenek\/\" style=\"border-radius:0px\" target=\"_blank\" rel=\"noreferrer noopener\"><strong>Nakupujte online a u\u0161et\u0159ete!<\/strong> <\/a><\/div>\n<\/div>\n\n\n\n<hr class=\"wp-block-separator has-alpha-channel-opacity\"\/>\n\n\n<div class=\"gb-container gb-container-681e5d4d\">\n<div class=\"gb-container gb-container-d2c3a7a5\">\n\n<h2 class=\"wp-block-heading\">Kbel\u00edk s p\u0159ekvapen\u00edm Predator Tackle<\/h2>\n\n\n<div class=\"gb-container gb-container-a79a2d9e\">\n\n<figure class=\"wp-block-image size-full\"><a href=\"https:\/\/carp-austria.com\/cs\/akce-anaconda-bucket-se-4-poukazy-extra-surprise\/#Raubfisch-%C3%9Cberraschungs-Eimer\" target=\"_blank\" rel=\" noreferrer noopener\"><img loading=\"lazy\" decoding=\"async\" width=\"1400\" height=\"787\" src=\"data:image\/gif;base64,R0lGODlhAQABAAAAACH5BAEKAAEALAAAAAABAAEAAAICTAEAOw==\" alt=\"\" class=\"wp-image-79579 lazyload\" sizes=\"auto, (max-width: 1400px) 100vw, 1400px\" data-src=\"https:\/\/carp-austria.com\/wp-content\/uploads\/2025\/08\/raubfisch-ueberraschungs-eimer_1400.jpg\" data-srcset=\"https:\/\/carp-austria.com\/wp-content\/uploads\/2025\/08\/raubfisch-ueberraschungs-eimer_1400.jpg 1400w, https:\/\/carp-austria.com\/wp-content\/uploads\/2025\/08\/raubfisch-ueberraschungs-eimer_1400-360x202.jpg 360w, https:\/\/carp-austria.com\/wp-content\/uploads\/2025\/08\/raubfisch-ueberraschungs-eimer_1400-1080x607.jpg 1080w, https:\/\/carp-austria.com\/wp-content\/uploads\/2025\/08\/raubfisch-ueberraschungs-eimer_1400-768x432.jpg 768w\"><\/a><\/figure>\n\n\n\n<div style=\"height:20px\" aria-hidden=\"true\" class=\"wp-block-spacer\"><\/div>\n\n\n\n<p>\ud83c\udf81 <strong>Akce na drav\u00e9 kbel\u00edky s ryb\u00e1\u0159sk\u00fdmi pot\u0159ebami<\/strong> &#8211; dostanete v\u00edc, ne\u017e \u010dek\u00e1te!<br\/>Za pouh\u00fdch <strong>35,90 EUR<\/strong> z\u00edsk\u00e1te ryb\u00e1\u0159sk\u00e9 pot\u0159eby v hodnot\u011b <strong>nejm\u00e9n\u011b 100 EUR<\/strong> &#8211; to je t\u00e9m\u011b\u0159 <strong>t\u0159ikr\u00e1t to<\/strong> lik, ne\u017e je n\u00e1kupn\u00ed cena! Tuto p\u0159\u00edle\u017eitost si nesm\u00edte nechat uj\u00edt. <\/p>\n\n\n\n<p>Porovnejte, vyzkou\u0161ejte a nakupte za veletr\u017en\u00ed cenu!<\/p>\n\n\n\n<p><strong>Pouze<\/strong> na veletrhu <strong>Carp Austria<\/strong> m\u00e1te jedine\u010dnou p\u0159\u00edle\u017eitost <strong>sezn\u00e1mit se na\u017eivo s<\/strong> kompletn\u00edmi <strong>kolekcemi ryb\u00e1\u0159sk\u00e9ho oble\u010den\u00ed p\u0159edn\u00edch zna\u010dek<\/strong>!<\/p>\n\n\n\n<div style=\"height:20px\" aria-hidden=\"true\" class=\"wp-block-spacer\"><\/div>\n\n\n\n<div class=\"wp-block-buttons is-layout-flex wp-block-buttons-is-layout-flex\">\n<div class=\"wp-block-button\"><a class=\"wp-block-button__link has-medium-font-size has-custom-font-size wp-element-button\" href=\"https:\/\/carp-austria.com\/cs\/akce-anaconda-bucket-se-4-poukazy-extra-surprise\/#Raubfisch-%C3%9Cberraschungs-Eimer\" style=\"border-radius:0px\" target=\"_blank\" rel=\"noreferrer noopener\">Raubfisch \u00dc Eimer Aktion<\/a><\/div>\n<\/div>\n\n<\/div>\n<\/div>\n<\/div>\n\n\n<div style=\"height:25px\" aria-hidden=\"true\" class=\"wp-block-spacer\"><\/div>\n\n\n\n<p><mark style=\"background-color:rgba(0, 0, 0, 0)\" class=\"has-inline-color has-accent-color\">\u00dcberraschungs Eimer \u2013\u00a0<strong>Nur f\u00fcr Messebesucher<\/strong>\u00a0und\u00a0<strong>nur bei Online-Vorbestellung<\/strong>\u00a0\u2013 kein Versand,\u00a0<strong>Abholung auf der Carp Austria <\/strong>in\u00a0<strong>Wiener Neustadt<\/strong>!<\/mark><\/p>\n\n\n\n<hr class=\"wp-block-separator has-alpha-channel-opacity\"\/>\n\n\n<div class=\"gb-container gb-container-9efa4fc4\">\n<div class=\"gb-container gb-container-2231b21f\">\n\n<h2 class=\"wp-block-heading\">Angelbekleidung &#8211; Die GR\u00d6SSTE Auswahl<\/h2>\n\n\n<div class=\"gb-container gb-container-43aad912\">\n\n<figure class=\"wp-block-image size-full\"><a href=\"https:\/\/carp-austria.com\/cs\/nakup-rybarskeho-obleceni-v-carp-austria\/\" target=\"_blank\" rel=\" noreferrer noopener\"><img loading=\"lazy\" decoding=\"async\" width=\"1080\" height=\"1080\" src=\"data:image\/gif;base64,R0lGODlhAQABAAAAACH5BAEKAAEALAAAAAABAAEAAAICTAEAOw==\" alt=\"\" class=\"wp-image-69784 lazyload\" sizes=\"auto, (max-width: 1080px) 100vw, 1080px\" data-src=\"https:\/\/carp-austria.com\/wp-content\/uploads\/2024\/10\/kleidung-1080-1080-1.jpg\" data-srcset=\"https:\/\/carp-austria.com\/wp-content\/uploads\/2024\/10\/kleidung-1080-1080-1.jpg 1080w, https:\/\/carp-austria.com\/wp-content\/uploads\/2024\/10\/kleidung-1080-1080-1-360x360.jpg 360w, https:\/\/carp-austria.com\/wp-content\/uploads\/2024\/10\/kleidung-1080-1080-1-155x155.jpg 155w, https:\/\/carp-austria.com\/wp-content\/uploads\/2024\/10\/kleidung-1080-1080-1-768x768.jpg 768w\"><\/a><\/figure>\n\n\n\n<div style=\"height:20px\" aria-hidden=\"true\" class=\"wp-block-spacer\"><\/div>\n\n\n\n<h2 class=\"wp-block-heading\"><strong>Kompletn\u00ed kolekce ryb\u00e1\u0159sk\u00e9ho oble\u010den\u00ed:<\/strong> <\/h2>\n\n\n\n<p>Porovnejte, vyzkou\u0161ejte a nakupte za veletr\u017en\u00ed cenu!<\/p>\n\n\n\n<p><strong>Pouze<\/strong> na veletrhu <strong>Carp Austria<\/strong> m\u00e1te jedine\u010dnou p\u0159\u00edle\u017eitost <strong>sezn\u00e1mit se na\u017eivo s<\/strong> kompletn\u00edmi <strong>kolekcemi ryb\u00e1\u0159sk\u00e9ho oble\u010den\u00ed p\u0159edn\u00edch zna\u010dek<\/strong>!<\/p>\n\n\n\n<div class=\"wp-block-buttons is-layout-flex wp-block-buttons-is-layout-flex\">\n<div class=\"wp-block-button\"><a class=\"wp-block-button__link has-medium-font-size has-custom-font-size wp-element-button\" href=\"https:\/\/carp-austria.com\/cs\/nakup-rybarskeho-obleceni-v-carp-austria\/\" style=\"border-radius:0px\" target=\"_blank\" rel=\"noreferrer noopener\">Angelbekleidung Aussteller im \u00dcberblick<\/a><\/div>\n<\/div>\n\n<\/div>\n<\/div>\n<\/div>\n\n\n<hr class=\"wp-block-separator has-alpha-channel-opacity\"\/>\n\n\n<div class=\"gb-container gb-container-98ebd9b7\">\n<div class=\"gb-container gb-container-f4284f5f\">\n\n<h2 class=\"wp-block-heading has-text-align-left\">Vyzkou\u0161ejte nejv\u011bt\u0161\u00ed v\u00fdb\u011br boilies!<\/h2>\n\n<\/div>\n\n<div class=\"gb-container gb-container-b1dacb5f\">\n\n<figure class=\"wp-block-image size-full\"><a href=\"https:\/\/carp-austria.com\/cs\/koupit-boilies\/\" target=\"_blank\" rel=\" noreferrer noopener\"><img loading=\"lazy\" decoding=\"async\" width=\"1080\" height=\"1080\" src=\"data:image\/gif;base64,R0lGODlhAQABAAAAACH5BAEKAAEALAAAAAABAAEAAAICTAEAOw==\" alt=\"\" class=\"wp-image-69826 lazyload\" sizes=\"auto, (max-width: 1080px) 100vw, 1080px\" data-src=\"https:\/\/carp-austria.com\/wp-content\/uploads\/2023\/10\/BOILIE.jpg\" data-srcset=\"https:\/\/carp-austria.com\/wp-content\/uploads\/2023\/10\/BOILIE.jpg 1080w, https:\/\/carp-austria.com\/wp-content\/uploads\/2023\/10\/BOILIE-360x360.jpg 360w, https:\/\/carp-austria.com\/wp-content\/uploads\/2023\/10\/BOILIE-155x155.jpg 155w, https:\/\/carp-austria.com\/wp-content\/uploads\/2023\/10\/BOILIE-768x768.jpg 768w\"><\/a><\/figure>\n\n\n\n<div style=\"height:20px\" aria-hidden=\"true\" class=\"wp-block-spacer\"><\/div>\n\n\n\n<p><strong>Nakupujte boilie od nejlep\u0161\u00edch v\u00fdrobc\u016f boilie na jednom m\u00edst\u011b.<\/strong><\/p>\n\n\n\n<p>Objevte <strong>kapra\u0159sk\u00e9 n\u00e1strahy<\/strong>, kter\u00e9 <strong>ryby<\/strong> p\u0159iv\u00e1d\u011bj\u00ed k <strong>\u0161\u00edlenstv\u00ed<\/strong>, a posu\u0148te sv\u00e9 <strong>ryb\u00e1\u0159sk\u00e9 \u00fasp\u011bchy<\/strong> na <strong>vy\u0161\u0161\u00ed \u00farove\u0148<\/strong>.<\/p>\n\n\n\n<h3 class=\"wp-block-heading\"><strong>Zde m\u016f\u017eete testovat, napadat, o\u010dich\u00e1vat, porovn\u00e1vat, &#8222;ochutn\u00e1vat&#8220; a nakupovat boilies za v\u00fdhodn\u00e9 ceny.<\/strong><\/h3>\n\n\n\n<div class=\"wp-block-buttons is-layout-flex wp-block-buttons-is-layout-flex\">\n<div class=\"wp-block-button\"><a class=\"wp-block-button__link has-medium-font-size has-custom-font-size wp-element-button\" href=\"https:\/\/carp-austria.com\/cs\/koupit-boilies\/\" style=\"border-radius:0px\" target=\"_blank\" rel=\"noreferrer noopener\">Boilies g\u00fcnstig kaufen<\/a><\/div>\n<\/div>\n\n<\/div>\n<\/div>\n\n<div class=\"gb-container gb-container-487fb69b\">\n\n<hr class=\"wp-block-separator has-alpha-channel-opacity\"\/>\n\n\n<div class=\"gb-container gb-container-3f891904\">\n\n<h2 class=\"wp-block-heading\"><strong>Fakt: Auf der Carp Austria erlebst du die gr\u00f6\u00dfte Auswahl an Angelruten, die du je gesehen hast!<\/strong><\/h2>\n\n\n<div class=\"gb-container gb-container-dbac4bf0\">\n\n<figure class=\"wp-block-image size-full\"><a href=\"https:\/\/carp-austria.com\/cs\/rybarske-pruty\/\" target=\"_blank\" rel=\" noreferrer noopener\"><img loading=\"lazy\" decoding=\"async\" width=\"1080\" height=\"1080\" src=\"data:image\/gif;base64,R0lGODlhAQABAAAAACH5BAEKAAEALAAAAAABAAEAAAICTAEAOw==\" alt=\"\" class=\"wp-image-69805 lazyload\" sizes=\"auto, (max-width: 1080px) 100vw, 1080px\" data-src=\"https:\/\/carp-austria.com\/wp-content\/uploads\/2024\/11\/Angelruten1080.jpg\" data-srcset=\"https:\/\/carp-austria.com\/wp-content\/uploads\/2024\/11\/Angelruten1080.jpg 1080w, https:\/\/carp-austria.com\/wp-content\/uploads\/2024\/11\/Angelruten1080-360x360.jpg 360w, https:\/\/carp-austria.com\/wp-content\/uploads\/2024\/11\/Angelruten1080-155x155.jpg 155w, https:\/\/carp-austria.com\/wp-content\/uploads\/2024\/11\/Angelruten1080-768x768.jpg 768w\"><\/a><\/figure>\n\n\n\n<div style=\"height:20px\" aria-hidden=\"true\" class=\"wp-block-spacer\"><\/div>\n\n\n\n<p><strong>Poznejte bezkonkuren\u010dn\u00ed nab\u00eddku ryb\u00e1\u0159sk\u00fdch prut\u016f, kterou najdete pouze v Carp Austria! Vyzkou\u0161ejte nejnov\u011bj\u0161\u00ed modely, porovnejte p\u0159edn\u00ed zna\u010dky a zajist\u011bte si exkluzivn\u00ed veletr\u017en\u00ed ceny. Najd\u011bte si sv\u016fj dokonal\u00fd prut a z\u00edskejte bezkonkuren\u010dn\u00ed nab\u00eddky, kter\u00e9 nikde jinde nenajdete!  <\/strong><\/p>\n\n<\/div>\n<\/div>\n<\/div>\n\n\n<div class=\"wp-block-buttons is-layout-flex wp-block-buttons-is-layout-flex\">\n<div class=\"wp-block-button\"><a class=\"wp-block-button__link has-medium-font-size has-custom-font-size wp-element-button\" href=\"https:\/\/carp-austria.com\/cs\/rybarske-pruty\/\" style=\"border-radius:0px\" target=\"_blank\" rel=\"noreferrer noopener\">Angelruten Aussteller entdecken<\/a><\/div>\n<\/div>\n\n\n\n<hr class=\"wp-block-separator has-alpha-channel-opacity\"\/>\n\n\n<div class=\"gb-container gb-container-970397e7\">\n\n<h3 class=\"wp-block-heading\"><strong>CARP AUSTRIA w\u00e4chst weiter!<\/strong><\/h3>\n\n\n\n<p>Nejv\u011bt\u0161\u00ed rakousk\u00fd ryb\u00e1\u0159sk\u00fd veletrh pro kapra\u0159e se st\u00e1le rozr\u016fst\u00e1!  <strong>V\u00edce prostoru, v\u00edce vystavovatel\u016f, v\u00edce akce!<\/strong> <\/p>\n\n\n\n<p>\u010cekaj\u00ed na v\u00e1s <strong>\u010dty\u0159i obrovsk\u00e9 s\u00e1ly<\/strong>:<\/p>\n\n\n\n<p>\u2705 <strong>\u0160pi\u010dkov\u00e9 zna\u010dky a nov\u00e9 produkty<\/strong><br\/>\u2705 <strong>Setk\u00e1n\u00ed s hv\u011bzdami sc\u00e9ny<\/strong><br\/>\u2705 <strong>\u017div\u00e9 uk\u00e1zky, odborn\u00e9 p\u0159edn\u00e1\u0161ky a novinky<\/strong><br\/>\u2705 <strong>Legend\u00e1rn\u00ed after-show party je zp\u011bt!<\/strong> \ud83c\udf89<\/p>\n\n\n\n<h3 class=\"wp-block-heading\"><strong>ARENA NOVA &#8211; NOV\u00dd DOMOV RAKOUSK\u00ddCH KAPR\u016e!<\/strong><\/h3>\n\n\n\n<p>V\u00edtejte ve <strong>Wiener Neustadtu<\/strong>, nov\u00e9 adrese pro nejlep\u0161\u00ed kapra\u0159skou akci!<\/p>\n\n\n\n<p>\ud83d\udd39 <strong>Perfektn\u00ed infrastruktura<\/strong> pro je\u0161t\u011b lep\u0161\u00ed z\u00e1\u017eitek z veletrhu<br\/>\ud83d\udd39 <strong>\u0160pi\u010dkov\u00e1 dostupnost<\/strong>: Pouze 1,5 hodiny z Grazu nebo Ma\u010farska<br\/><strong>\ud83d\udd39Gratis<\/strong> parkovac\u00ed m\u00edsta p\u0159\u00edmo u v\u00fdstavi\u0161t\u011b.<\/p>\n\n\n\n<p><strong>\ud83d\udccd 4 haly, 1 mega akce &#8211; povinnost pro v\u0161echny fanou\u0161ky ryba\u0159en\u00ed!<\/strong><\/p>\n\n\n\n<h3 class=\"wp-block-heading\"><strong>\ud83d\udd25 AFTERSHOW PARTY JE ZP\u011aT! \ud83c\udfb6<\/strong><\/h3>\n\n\n\n<p>Za\u017eijte nezapomenuteln\u00e9 hodiny s hv\u011bzdami sc\u00e9ny, bavte se s podobn\u011b sm\u00fd\u0161lej\u00edc\u00edmi lidmi a vym\u011b\u0148ujte si n\u00e1pady se \u0161pi\u010dkov\u00fdmi ryb\u00e1\u0159i &#8211; to si nem\u016f\u017eete nechat uj\u00edt!<\/p>\n\n\n\n<h3 class=\"wp-block-heading\"><strong>GEL\u00c4NDEPLAN CARP AUSTRIA \u2013 ENTDECKE DIE GR\u00d6SSTE MESSE ALLER ZEITEN!<\/strong><\/h3>\n\n\n\n<p>\ud83d\udd0d Je\u0161t\u011b v\u00edce prostoru, je\u0161t\u011b v\u00edce vystavovatel\u016f, je\u0161t\u011b v\u00edce zaj\u00edmavost\u00ed!<\/p>\n\n\n\n<p><strong>\ud83d\udca5 Bu\u010fte sou\u010d\u00e1st\u00ed nejv\u011bt\u0161\u00ed kapra\u0159sk\u00e9 akce roku!<\/strong><\/p>\n\n\n\n<p><strong>\ud83c\udf9f ZAJIST\u011aTE SI NEJLEP\u0160\u00cd VSTUPENKU HNED A U\u0160ET\u0158ETE!<\/strong> <\/p>\n\n\n\n<p>\ud83d\udc49 <a href=\"https:\/\/carp-austria.com\/prodejna-vstupenek\/\" target=\"_blank\" rel=\"noreferrer noopener\">www.carp-austria.com\/ticket\/<\/a><\/p>\n\n\n\n<p>Wir freuen uns auf deinen Besuch!<\/p>\n\n<\/div>\n<\/div>\n<p><\/p>\n","protected":false},"excerpt":{"rendered":"<p>Dieser Beitrag ist ein Archiv des Carp Austria Newsletters vom 11. August 2025. Aktuelle Aussteller, Marken und Messe-Highlights zur Carp Austria 2026 findest du &#8230; <a title=\"Zpravodaj z 11. srpna\" class=\"read-more\" href=\"https:\/\/carp-austria.com\/cs\/zpravodaj-z-11-srpna\/\" aria-label=\"\u010c\u00edst v\u00edce o Zpravodaj z 11. srpna\">Read more<\/a><\/p>\n","protected":false},"author":1,"featured_media":79645,"comment_status":"closed","ping_status":"closed","sticky":false,"template":"","format":"standard","meta":{"_acf_changed":false,"inline_featured_image":false,"iawp_total_views":0,"footnotes":""},"categories":[1],"tags":[],"class_list":["post-79768","post","type-post","status-publish","format-standard","has-post-thumbnail","hentry","category-unkategorisiert","generate-columns","tablet-grid-50","mobile-grid-100","grid-parent","grid-25"],"acf":[],"_links":{"self":[{"href":"https:\/\/carp-austria.com\/cs\/wp-json\/wp\/v2\/posts\/79768","targetHints":{"allow":["GET"]}}],"collection":[{"href":"https:\/\/carp-austria.com\/cs\/wp-json\/wp\/v2\/posts"}],"about":[{"href":"https:\/\/carp-austria.com\/cs\/wp-json\/wp\/v2\/types\/post"}],"author":[{"embeddable":true,"href":"https:\/\/carp-austria.com\/cs\/wp-json\/wp\/v2\/users\/1"}],"replies":[{"embeddable":true,"href":"https:\/\/carp-austria.com\/cs\/wp-json\/wp\/v2\/comments?post=79768"}],"version-history":[{"count":2,"href":"https:\/\/carp-austria.com\/cs\/wp-json\/wp\/v2\/posts\/79768\/revisions"}],"predecessor-version":[{"id":123079,"href":"https:\/\/carp-austria.com\/cs\/wp-json\/wp\/v2\/posts\/79768\/revisions\/123079"}],"wp:featuredmedia":[{"embeddable":true,"href":"https:\/\/carp-austria.com\/cs\/wp-json\/wp\/v2\/media\/79645"}],"wp:attachment":[{"href":"https:\/\/carp-austria.com\/cs\/wp-json\/wp\/v2\/media?parent=79768"}],"wp:term":[{"taxonomy":"category","embeddable":true,"href":"https:\/\/carp-austria.com\/cs\/wp-json\/wp\/v2\/categories?post=79768"},{"taxonomy":"post_tag","embeddable":true,"href":"https:\/\/carp-austria.com\/cs\/wp-json\/wp\/v2\/tags?post=79768"}],"curies":[{"name":"wp","href":"https:\/\/api.w.org\/{rel}","templated":true}]}}