{"id":46055,"date":"2024-08-10T14:36:34","date_gmt":"2024-08-10T14:36:34","guid":{"rendered":"https:\/\/carp-austria.com\/cas-na-predstaveni%f0%9f%98%8e-vystavni-stanek-mega-trakker-na-carp-austria\/"},"modified":"2026-04-25T18:54:44","modified_gmt":"2026-04-25T16:54:44","slug":"trakker","status":"publish","type":"post","link":"https:\/\/carp-austria.com\/cs\/trakker\/","title":{"rendered":"Trakker \u2013 Tempest bivaky a pr\u00e9miov\u00e9 vybaven\u00ed"},"content":{"rendered":"\n<p>Trakker nab\u00edz\u00ed pr\u00e9miov\u00e9 kapra\u0159sk\u00e9 vybaven\u00ed: inovativn\u00ed Tempest bivaky, funk\u010dn\u00ed oble\u010den\u00ed a dopl\u0148ky pro dlouh\u00e9 a \u00fasp\u011b\u0161n\u00e9 v\u00fdpravy.<\/p>\n\n\n\n<h2 class=\"gb-headline gb-headline-1df5046c gb-headline-text\">Nyn\u00ed se to st\u00e1v\u00e1 VELK\u00ddM: Trakker poprv\u00e9 stav\u00ed MEGA ST\u00c1NEK o rozloze 300 m\u00b2 &#8211; a VY jste u toho na\u017eivo!<\/h2>\n\n\n\n<div class=\"wp-block-group is-vertical is-layout-flex wp-container-core-group-is-layout-8cf370e7 wp-block-group-is-layout-flex\">\n<p>TRAKKER &#8211; MEGAPREMI\u00c9RA!<\/p>\n\n\n\n<p>Nyn\u00ed se to st\u00e1v\u00e1 VELK\u00ddM: Trakker poprv\u00e9 stav\u00ed MEGA ST\u00c1NEK o rozloze 300 m\u00b2 &#8211; a vy jste u toho na\u017eivo.&#8220;<\/p>\n\n\n\n<p>Skute\u010dn\u00e1 kapra\u0159sk\u00e1 ud\u00e1lost, vrcholn\u00e1 akce o t\u0159\u00eddu v\u00fd\u0161, z\u00e1\u017eitek pro v\u0161echny, kte\u0159\u00ed miluj\u00ed trakker nebo ho cht\u011bj\u00ed kone\u010dn\u011b objevit.<\/p>\n<\/div>\n\n\n\n<div style=\"height:18px\" aria-hidden=\"true\" class=\"wp-block-spacer\"><\/div>\n\n\n<div class=\"gb-container gb-container-bd7caac1\">\n\n<figure class=\"wp-block-image size-large\"><img loading=\"lazy\" decoding=\"async\" width=\"1080\" height=\"766\" src=\"data:image\/gif;base64,R0lGODlhAQABAAAAACH5BAEKAAEALAAAAAABAAEAAAICTAEAOw==\" alt=\"\" class=\"wp-image-107933 lazyload\" sizes=\"auto, (max-width: 1080px) 100vw, 1080px\" data-src=\"https:\/\/carp-austria.com\/wp-content\/uploads\/2024\/08\/trakker-produkts-carp-austria-1080x766.jpg\" data-srcset=\"https:\/\/carp-austria.com\/wp-content\/uploads\/2024\/08\/trakker-produkts-carp-austria-1080x766.jpg 1080w, https:\/\/carp-austria.com\/wp-content\/uploads\/2024\/08\/trakker-produkts-carp-austria-360x255.jpg 360w, https:\/\/carp-austria.com\/wp-content\/uploads\/2024\/08\/trakker-produkts-carp-austria-155x110.jpg 155w, https:\/\/carp-austria.com\/wp-content\/uploads\/2024\/08\/trakker-produkts-carp-austria-768x545.jpg 768w, https:\/\/carp-austria.com\/wp-content\/uploads\/2024\/08\/trakker-produkts-carp-austria.jpg 1280w\"><\/figure>\n\n<\/div>\n\n\n<div style=\"height:21px\" aria-hidden=\"true\" class=\"wp-block-spacer\"><\/div>\n\n\n\n<p>Pono\u0159te se do kompletn\u00edho sv\u011bta Trakker: v\u0161echny nov\u00e9 produkty, v\u0161echny inovace, v\u0161echny povinn\u00e9 v\u00fdbavy &#8211; m\u016f\u017eete si je osahat, vyzkou\u0161et a obdivovat.<br>\u010cist\u00e9 emoce, modern\u00ed design, vysoce kvalitn\u00ed technologie &#8211; Trakker je v\u011bt\u0161\u00ed, lep\u0161\u00ed a p\u016fsobiv\u011bj\u0161\u00ed ne\u017e kdykoli p\u0159edt\u00edm.<\/p>\n\n\n\n<p><mark style=\"background-color:rgba(0, 0, 0, 0)\" class=\"has-inline-color has-accent-2-color\"><strong>\u010cek\u00e1 na v\u00e1s kompletn\u00ed nab\u00eddka:<\/strong><\/mark> \u2713 <strong>v\u0161echny modely Tempest &#8211; zelen\u00e9 nebo kamufl\u00e1\u017en\u00ed &#8211; spole\u010densk\u00e9 \u010depice<\/strong> <strong><strong>\u2713<\/strong><\/strong> <strong>Power Pack&#8217;s \u2713 koncov\u00e9 n\u00e1vazce \u2713 pruty Propel \u2713 oble\u010den\u00ed Trakker &#8211; kompletn\u00ed sortiment \u2713 NXC &amp; RLX Camo range \u2713 NOVINKA 2025:<\/strong> <strong>Trakker Armolife CG4 Stove | plynov\u00fd va\u0159i\u010d<\/strong> + <strong>kompletn\u00ed<\/strong> <strong>program ARMOLIFE, indik\u00e1tory z\u00e1b\u011bru, koncov\u00e9 n\u00e1vazce, olova a mnoho dal\u0161\u00edho!<\/strong><\/p>\n\n\n\n<p><strong>Test v\u0161ech model\u016f ryb\u00e1\u0159sk\u00fdch prut\u016f Propel \u2713 Oble\u010den\u00ed TechPro \u2713 Zimn\u00ed obleky CR \u2713 Leh\u00e1tka a k\u0159esla \u2713 Cel\u00e1 \u0159ada zavazadel a \u00falo\u017en\u00fdch prostor\u016f Trakker<\/strong> <strong>a mnoho dal\u0161\u00edho.<\/strong><\/p>\n\n\n\n<p>Skute\u010dn\u00e1 kapra\u0159sk\u00e1 ud\u00e1lost, vrcholn\u00e1 akce o t\u0159\u00eddu v\u00fd\u0161, z\u00e1\u017eitek pro v\u0161echny, kte\u0159\u00ed miluj\u00ed trakker nebo ho cht\u011bj\u00ed kone\u010dn\u011b objevit.<\/p>\n\n\n<div class=\"gb-container gb-container-3fffc023\">\n\n<figure class=\"wp-block-image size-large\"><img loading=\"lazy\" decoding=\"async\" width=\"1080\" height=\"773\" src=\"data:image\/gif;base64,R0lGODlhAQABAAAAACH5BAEKAAEALAAAAAABAAEAAAICTAEAOw==\" alt=\"\" class=\"wp-image-107932 lazyload\" sizes=\"auto, (max-width: 1080px) 100vw, 1080px\" data-src=\"https:\/\/carp-austria.com\/wp-content\/uploads\/2024\/08\/trakker-carpaustria-1080x773.jpg\" data-srcset=\"https:\/\/carp-austria.com\/wp-content\/uploads\/2024\/08\/trakker-carpaustria-1080x773.jpg 1080w, https:\/\/carp-austria.com\/wp-content\/uploads\/2024\/08\/trakker-carpaustria-360x258.jpg 360w, https:\/\/carp-austria.com\/wp-content\/uploads\/2024\/08\/trakker-carpaustria-155x111.jpg 155w, https:\/\/carp-austria.com\/wp-content\/uploads\/2024\/08\/trakker-carpaustria-768x550.jpg 768w, https:\/\/carp-austria.com\/wp-content\/uploads\/2024\/08\/trakker-carpaustria-1536x1099.jpg 1536w, https:\/\/carp-austria.com\/wp-content\/uploads\/2024\/08\/trakker-carpaustria-2048x1465.jpg 2048w\"><\/figure>\n\n<\/div>\n\n\n<div style=\"height:15px\" aria-hidden=\"true\" class=\"wp-block-spacer\"><\/div>\n\n\n\n<p>Pono\u0159te se do kompletn\u00edho sv\u011bta Trakker: v\u0161echny nov\u00e9 produkty, v\u0161echny inovace, v\u0161echny povinn\u00e9 v\u00fdbavy &#8211; m\u016f\u017eete si je osahat, vyzkou\u0161et a obdivovat.<br>\u010cist\u00e9 emoce, modern\u00ed design, vysoce kvalitn\u00ed technologie &#8211; Trakker je v\u011bt\u0161\u00ed, lep\u0161\u00ed a p\u016fsobiv\u011bj\u0161\u00ed ne\u017e kdykoli p\u0159edt\u00edm.<\/p>\n\n\n\n<p><strong>&#8230;a to NEJLEP\u0160\u00cd za neuv\u011b\u0159iteln\u00e9 veletr\u017en\u00ed ceny!<\/strong><\/p>\n\n\n<div class=\"gb-container gb-container-65d2178d\">\n\n<h2 class=\"wp-block-heading\">Trakker novinky &#8211; Prezentace<\/h2>\n\n\n\n<figure class=\"wp-block-embed is-type-video is-provider-youtube wp-block-embed-youtube wp-embed-aspect-16-9 wp-has-aspect-ratio\"><div class=\"wp-block-embed__wrapper\">\n<div class='wpo_youtube_preview_container'><img src=\"https:\/\/carp-austria.com\/wp-content\/cache\/wpo-youtube-thumbnails\/APzNqlH30tU-maxresdefault.jpg\" class=\"wpo_youtube_preview\" data-video-url=\"https:\/\/www.youtube.com\/embed\/APzNqlH30tU?feature=oembed\" alt=\"YouTube thumbnail\" data-iframe-attr=\"{&quot;loading&quot;:&quot;lazy&quot;,&quot;title&quot;:&quot;NICHT VERPASSEN: Trakkers NEUE Produkte 2025 \\ud83d\\udd25| Tempest | TechPro | Outdoor&quot;,&quot;width&quot;:&quot;1200&quot;,&quot;height&quot;:&quot;675&quot;,&quot;src&quot;:&quot;https:\\\/\\\/www.youtube.com\\\/embed\\\/APzNqlH30tU?feature=oembed&quot;,&quot;frameborder&quot;:&quot;0&quot;,&quot;allow&quot;:&quot;accelerometer; autoplay; clipboard-write; encrypted-media; gyroscope; picture-in-picture; web-share&quot;,&quot;referrerpolicy&quot;:&quot;strict-origin-when-cross-origin&quot;,&quot;allowfullscreen&quot;:&quot;&quot;}\"\/><span class=\"wpo_youtube_preview_overlay\"><img src=\"https:\/\/carp-austria.com\/wp-content\/plugins\/wp-optimize-premium\/images\/icon\/icons8-youtube-96.svg\" alt=\"YouTube icon\"\/><\/span><\/div>\n<\/div><\/figure>\n\n\n\n<div class=\"wp-block-columns is-layout-flex wp-container-core-columns-is-layout-9d6595d7 wp-block-columns-is-layout-flex\">\n<div class=\"wp-block-column is-layout-flow wp-block-column-is-layout-flow\">\n<figure class=\"wp-block-video\"><video height=\"1280\" style=\"aspect-ratio: 720 \/ 1280;\" width=\"720\" controls src=\"https:\/\/carp-austria.com\/wp-content\/uploads\/2024\/08\/Trakker-neuheiten-herbst.mp4\"><\/video><\/figure>\n<\/div>\n\n\n\n<div class=\"wp-block-column is-layout-flow wp-block-column-is-layout-flow\">\n<figure class=\"wp-block-video\"><video height=\"1280\" style=\"aspect-ratio: 720 \/ 1280;\" width=\"720\" controls src=\"https:\/\/carp-austria.com\/wp-content\/uploads\/2024\/08\/trakker-fertig-rigs.mp4\"><\/video><figcaption class=\"wp-element-caption\">P\u0159ipraven\u00e9 n\u00e1vazce od spole\u010dnosti Trakker &#8211; ide\u00e1ln\u00ed pro za\u010d\u00e1te\u010dn\u00edky, v\u0161echny, kte\u0159\u00ed maj\u00ed r\u00e1di pohodl\u00ed, nebo pro ty, kte\u0159\u00ed cht\u011bj\u00ed tr\u00e1vit v\u00edce \u010dasu ryba\u0159en\u00edm a m\u00e9n\u011b v\u00e1z\u00e1n\u00edm n\u00e1vazc\u016f. <img loading=\"lazy\" decoding=\"async\" height=\"16\" width=\"16\" src=\"data:image\/gif;base64,R0lGODlhAQABAAAAACH5BAEKAAEALAAAAAABAAEAAAICTAEAOw==\" alt=\"\u2714\ufe0f\" class=\"lazyload\" data-src=\"https:\/\/static.xx.fbcdn.net\/images\/emoji.php\/v9\/t51\/1\/16\/2714.png\"> Clinga Ronnie Rigs <img loading=\"lazy\" decoding=\"async\" height=\"16\" width=\"16\" src=\"data:image\/gif;base64,R0lGODlhAQABAAAAACH5BAEKAAEALAAAAAABAAEAAAICTAEAOw==\" alt=\"\u2714\ufe0f\" class=\"lazyload\" data-src=\"https:\/\/static.xx.fbcdn.net\/images\/emoji.php\/v9\/t51\/1\/16\/2714.png\"> Clinga Ronnie Hook Sections <img loading=\"lazy\" decoding=\"async\" height=\"16\" width=\"16\" src=\"data:image\/gif;base64,R0lGODlhAQABAAAAACH5BAEKAAEALAAAAAABAAEAAAICTAEAOw==\" alt=\"\u2714\ufe0f\" class=\"lazyload\" data-src=\"https:\/\/static.xx.fbcdn.net\/images\/emoji.php\/v9\/t51\/1\/16\/2714.png\"> Blow Back Rigs <img loading=\"lazy\" decoding=\"async\" height=\"16\" width=\"16\" src=\"data:image\/gif;base64,R0lGODlhAQABAAAAACH5BAEKAAEALAAAAAABAAEAAAICTAEAOw==\" alt=\"\u2714\ufe0f\" class=\"lazyload\" data-src=\"https:\/\/static.xx.fbcdn.net\/images\/emoji.php\/v9\/t51\/1\/16\/2714.png\"> Olov\u011bn\u00e9 a bezolovnat\u00e9 n\u00e1vazce <img loading=\"lazy\" decoding=\"async\" height=\"16\" width=\"16\" src=\"data:image\/gif;base64,R0lGODlhAQABAAAAACH5BAEKAAEALAAAAAABAAEAAAICTAEAOw==\" alt=\"\ud83d\udc49\" class=\"lazyload\" data-src=\"https:\/\/static.xx.fbcdn.net\/images\/emoji.php\/v9\/t51\/1\/16\/1f449.png\"> Ostnat\u00e9 i bezostnat\u00e9, r\u016fzn\u00e9 velikosti h\u00e1\u010dk\u016f.<\/figcaption><\/figure>\n<\/div>\n<\/div>\n\n<\/div>\n\n\n<hr class=\"wp-block-separator has-alpha-channel-opacity\"\/>\n\n\n\n<h2 class=\"gb-headline gb-headline-c9ae9d52 gb-headline-text\">Ryb\u00e1\u0159sk\u00e9 pruty Trakker \u0159ady Propel &#8211; Precision. V\u00fdkon. Performance.  <\/h2>\n\n\n<div class=\"gb-container gb-container-db5f3e07\">\n\n<p>Ryb\u00e1\u0159\u016fm, kte\u0159\u00ed vy\u017eaduj\u00ed to nejlep\u0161\u00ed, nab\u00edz\u00ed nov\u00e1 \u0159ada prut\u016f Trakker Propel bezkonkuren\u010dn\u00ed v\u00fdkon v r\u016fzn\u00fdch ryb\u00e1\u0159sk\u00fdch prost\u0159ed\u00edch. A\u0165 u\u017e nahazujete na \u0161irok\u00e9 vodn\u00ed plochy, zdol\u00e1v\u00e1te mal\u00e9 m\u011bstsk\u00e9 kan\u00e1ly nebo se sna\u017e\u00edte o dalek\u00e9 n\u00e1hozy p\u0159i specializovan\u00e9m lovu na spod a markery, \u0159ada Propel m\u00e1 pro v\u00e1s ide\u00e1ln\u00ed prut. <\/p>\n\n\n<div class=\"gb-container gb-container-2175fac0\">\n<div class=\"wp-block-image\">\n<figure class=\"aligncenter size-large\"><img loading=\"lazy\" decoding=\"async\" width=\"1080\" height=\"463\" src=\"data:image\/gif;base64,R0lGODlhAQABAAAAACH5BAEKAAEALAAAAAABAAEAAAICTAEAOw==\" alt=\"\" class=\"wp-image-55258 lazyload\" sizes=\"auto, (max-width: 1080px) 100vw, 1080px\" data-src=\"https:\/\/carp-austria.com\/wp-content\/uploads\/2024\/08\/trakker-propel-1080x463.jpg\" data-srcset=\"https:\/\/carp-austria.com\/wp-content\/uploads\/2024\/08\/trakker-propel-1080x463.jpg 1080w, https:\/\/carp-austria.com\/wp-content\/uploads\/2024\/08\/trakker-propel-360x154.jpg 360w, https:\/\/carp-austria.com\/wp-content\/uploads\/2024\/08\/trakker-propel-768x329.jpg 768w, https:\/\/carp-austria.com\/wp-content\/uploads\/2024\/08\/trakker-propel.jpg 1400w\"><\/figure>\n<\/div>\n<\/div>\n\n\n<div style=\"height:20px\" aria-hidden=\"true\" class=\"wp-block-spacer\"><\/div>\n\n\n\n<p>Nez\u00e1le\u017e\u00ed na tom, zda k nahazov\u00e1n\u00ed pou\u017e\u00edv\u00e1te Propel-A (Allround) nebo Propel-D (Distance). Extr\u00e9mn\u00edch odhozov\u00fdch vzd\u00e1lenost\u00ed lze dos\u00e1hnout s ob\u011bma. Pokud v\u0161ak chcete l\u00e1mat rekordy, pou\u017eijte Propel-D! Tento &#8222;prut s dlouhou nahazovac\u00ed akc\u00ed&#8220; m\u00e1 extra tuh\u00fd blank a super rychl\u00fd reset \u0161pi\u010dky.   <\/p>\n\n\n<div class=\"gb-container gb-container-c971d0ca\">\n\n<div class=\"wp-block-columns is-layout-flex wp-container-core-columns-is-layout-9d6595d7 wp-block-columns-is-layout-flex\">\n<div class=\"wp-block-column is-layout-flow wp-block-column-is-layout-flow\">\n<figure class=\"wp-block-video\"><video height=\"640\" style=\"aspect-ratio: 360 \/ 640;\" width=\"360\" controls src=\"https:\/\/carp-austria.com\/wp-content\/uploads\/2024\/08\/propel-angelruten.mp4\"><\/video><\/figure>\n<\/div>\n\n\n\n<div class=\"wp-block-column is-layout-flow wp-block-column-is-layout-flow\">\n<figure class=\"wp-block-video\"><video height=\"640\" style=\"aspect-ratio: 360 \/ 640;\" width=\"360\" controls src=\"https:\/\/carp-austria.com\/wp-content\/uploads\/2024\/08\/rutentaschen.mp4\"><\/video><\/figure>\n<\/div>\n<\/div>\n\n<\/div>\n<\/div>\n\n\n<div style=\"height:20px\" aria-hidden=\"true\" class=\"wp-block-spacer\"><\/div>\n\n\n<div class=\"gb-container gb-container-30accc23\">\n<div class=\"gb-container gb-container-b92b65a9\">\n\n<h2 class=\"gb-headline gb-headline-671e495f gb-headline-text\">TRAKKER OBLE\u010cEN\u00cd &#8211; V\u0160E. LIVE. NA ST\u00c1NKU MEGA.  <\/h2>\n\n\n\n<div class=\"wp-block-group is-vertical is-layout-flex wp-container-core-group-is-layout-8cf370e7 wp-block-group-is-layout-flex\">\n<p>Zimn\u00ed obleky Trakker jsou na kapra\u0159sk\u00e9 sc\u00e9n\u011b zn\u00e1m\u00e9 ji\u017e v\u00edce ne\u017e 20 let &#8211; a to z dobr\u00e9ho d\u016fvodu! Prozkoumejte na\u0161i zbrusu novou <strong>zimn\u00ed kolekci CR<\/strong> u Carp Austria, kter\u00e1 byla d\u00e1le vylep\u0161ena a zaujme nejnov\u011bj\u0161\u00edmi materi\u00e1ly a jedine\u010dn\u00fdm maskovac\u00edm vzorem.   <\/p>\n\n\n\n<p><strong>Pohodln\u00e9, such\u00e9 a tepl\u00e9 &#8211; v\u0161estrann\u011b bezstarostn\u00fd bal\u00ed\u010dek pro va\u0161e podzimn\u00ed a zimn\u00ed sezen\u00ed!<\/strong> <\/p>\n<\/div>\n\n<\/div>\n\n\n<div style=\"height:15px\" aria-hidden=\"true\" class=\"wp-block-spacer\"><\/div>\n\n\n<div class=\"wp-block-image\">\n<figure class=\"aligncenter size-large\"><img loading=\"lazy\" decoding=\"async\" width=\"1080\" height=\"766\" src=\"data:image\/gif;base64,R0lGODlhAQABAAAAACH5BAEKAAEALAAAAAABAAEAAAICTAEAOw==\" alt=\"\" class=\"wp-image-107929 lazyload\" sizes=\"auto, (max-width: 1080px) 100vw, 1080px\" data-src=\"https:\/\/carp-austria.com\/wp-content\/uploads\/2024\/08\/trakker-bekleidung-1080x766.jpg\" data-srcset=\"https:\/\/carp-austria.com\/wp-content\/uploads\/2024\/08\/trakker-bekleidung-1080x766.jpg 1080w, https:\/\/carp-austria.com\/wp-content\/uploads\/2024\/08\/trakker-bekleidung-360x255.jpg 360w, https:\/\/carp-austria.com\/wp-content\/uploads\/2024\/08\/trakker-bekleidung-155x110.jpg 155w, https:\/\/carp-austria.com\/wp-content\/uploads\/2024\/08\/trakker-bekleidung-768x545.jpg 768w, https:\/\/carp-austria.com\/wp-content\/uploads\/2024\/08\/trakker-bekleidung.jpg 1280w\"><\/figure>\n<\/div>\n\n\n<div style=\"height:15px\" aria-hidden=\"true\" class=\"wp-block-spacer\"><\/div>\n\n\n\n<p>Vyzkou\u0161ejte <strong>oble\u010den\u00ed Trakker v MEGA v\u00fdb\u011bru<\/strong> \u2713 funk\u010dn\u00ed \u2713 stylov\u00e9 \u2713 stvo\u0159en\u00e9 pro skute\u010dn\u00e9 kapra\u0159sk\u00e9 relace. Z\u016fsta\u0148te na b\u0159ehu v teple, suchu a maxim\u00e1ln\u011b chr\u00e1n\u011bni &#8211; se \u0161pi\u010dkov\u00fdm vybaven\u00edm, kter\u00e9 funguje za v\u0161ech podm\u00ednek. <\/p>\n\n\n\n<p><strong>\u0158ada TechPro<\/strong> v\u00e1m nab\u00edz\u00ed \u0161pi\u010dkovou technologii odolnou proti pov\u011btrnostn\u00edm vliv\u016fm, jako jsou bundy \u2713 bundy na t\u011blo \u2713 mikiny s kapuc\u00ed &#8211; vyvinut\u00e9 pro maxim\u00e1ln\u00ed teplo a absolutn\u00ed spolehlivost.  <\/p>\n\n\n\n<p><strong>\u0158ada CR <\/strong>nab\u00edz\u00ed v\u0161estrann\u00e9, robustn\u00ed a pohodln\u00e9 kousky oble\u010den\u00ed pro ka\u017ed\u00fd den \u2713 odoln\u00e9 \u2713 modern\u00ed \u2713 ide\u00e1ln\u00ed pro dlouh\u00e9 dny na vod\u011b.<\/p>\n\n\n\n<p>Vybavte se za\u0159\u00edzen\u00edm Trakker &#8211; a bu\u010fte p\u0159ipraveni na ka\u017ed\u00e9 po\u010das\u00ed, ka\u017edou relaci, ka\u017ed\u00fd okam\u017eik.<\/p>\n\n\n<div class=\"gb-container gb-container-18f80b8e\">\n\n<figure class=\"wp-block-embed is-type-video is-provider-youtube wp-block-embed-youtube wp-embed-aspect-16-9 wp-has-aspect-ratio\"><div class=\"wp-block-embed__wrapper\">\n<div class='wpo_youtube_preview_container'><img src=\"https:\/\/carp-austria.com\/wp-content\/cache\/wpo-youtube-thumbnails\/P6jhAycLo2s-maxresdefault.jpg\" class=\"wpo_youtube_preview\" data-video-url=\"https:\/\/www.youtube.com\/embed\/P6jhAycLo2s?start=443&#038;feature=oembed\" alt=\"YouTube thumbnail\" data-iframe-attr=\"{&quot;loading&quot;:&quot;lazy&quot;,&quot;title&quot;:&quot;Trakker Winterbekleidung f\\u00fcrs Karpfenangeln (DIE GESAMTE RANGE 2025)&quot;,&quot;width&quot;:&quot;1200&quot;,&quot;height&quot;:&quot;675&quot;,&quot;src&quot;:&quot;https:\\\/\\\/www.youtube.com\\\/embed\\\/P6jhAycLo2s?start=443&#038;feature=oembed&quot;,&quot;frameborder&quot;:&quot;0&quot;,&quot;allow&quot;:&quot;accelerometer; autoplay; clipboard-write; encrypted-media; gyroscope; picture-in-picture; web-share&quot;,&quot;referrerpolicy&quot;:&quot;strict-origin-when-cross-origin&quot;,&quot;allowfullscreen&quot;:&quot;&quot;}\"\/><span class=\"wpo_youtube_preview_overlay\"><img src=\"https:\/\/carp-austria.com\/wp-content\/plugins\/wp-optimize-premium\/images\/icon\/icons8-youtube-96.svg\" alt=\"YouTube icon\"\/><\/span><\/div>\n<\/div><\/figure>\n\n<\/div>\n<\/div>\n\n\n<div style=\"height:22px\" aria-hidden=\"true\" class=\"wp-block-spacer\"><\/div>\n\n\n\n<h2 class=\"wp-block-heading\">S\u00e9rie ta\u0161ek NXG &#8211; Lep\u0161\u00ed ne\u017e kdy d\u0159\u00edve &#8211; Kompletn\u011b na m\u00edst\u011b!<\/h2>\n\n\n\n<p>\u0158ada zavazadel NXC je tak\u00e9 zaj\u00edmavost\u00ed, kterou si nem\u016f\u017eete nechat uj\u00edt! Tato rozs\u00e1hl\u00e1 kolekce v\u00e1m nab\u00edz\u00ed v\u0161e, co pot\u0159ebujete k p\u0159eprav\u011b a ochran\u011b sv\u00e9ho vybaven\u00ed &#8211; od p\u0159\u00edru\u010dn\u00edho zavazadla a\u017e po obal na plynovou kartu\u0161i, v\u0161e je zde k dispozici a ve zcela nov\u00e9m, stylov\u00e9m designu. <\/p>\n\n\n\n<figure class=\"wp-block-embed is-type-video is-provider-youtube wp-block-embed-youtube wp-embed-aspect-16-9 wp-has-aspect-ratio\"><div class=\"wp-block-embed__wrapper\">\n<div class='wpo_youtube_preview_container'><img src=\"https:\/\/carp-austria.com\/wp-content\/cache\/wpo-youtube-thumbnails\/Oqqi0Ahu2LU-maxresdefault.jpg\" class=\"wpo_youtube_preview\" data-video-url=\"https:\/\/www.youtube.com\/embed\/Oqqi0Ahu2LU?feature=oembed\" alt=\"YouTube thumbnail\" data-iframe-attr=\"{&quot;loading&quot;:&quot;lazy&quot;,&quot;title&quot;:&quot;Besser als je zuvor: NXG Taschenserie 2025 neu aufgelegt | Tackle | Angeln | Karpfentackle |&quot;,&quot;width&quot;:&quot;1200&quot;,&quot;height&quot;:&quot;675&quot;,&quot;src&quot;:&quot;https:\\\/\\\/www.youtube.com\\\/embed\\\/Oqqi0Ahu2LU?feature=oembed&quot;,&quot;frameborder&quot;:&quot;0&quot;,&quot;allow&quot;:&quot;accelerometer; autoplay; clipboard-write; encrypted-media; gyroscope; picture-in-picture; web-share&quot;,&quot;referrerpolicy&quot;:&quot;strict-origin-when-cross-origin&quot;,&quot;allowfullscreen&quot;:&quot;&quot;}\"\/><span class=\"wpo_youtube_preview_overlay\"><img src=\"https:\/\/carp-austria.com\/wp-content\/plugins\/wp-optimize-premium\/images\/icon\/icons8-youtube-96.svg\" alt=\"YouTube icon\"\/><\/span><\/div>\n<\/div><\/figure>\n\n\n\n<p>A pak je tu \u0159ada TechPro \ud83d\udca6\u2614\ufe0f &#8211; pro ka\u017ed\u00e9ho, kdo hled\u00e1 vysoce v\u00fdkonn\u00e9 oble\u010den\u00ed s cool stylem. Tato \u0159ada nastavuje nov\u00e9 standardy z hlediska ochrany a pohodl\u00ed, a to v\u0161e exkluzivn\u011b od spole\u010dnosti Trakker. <\/p>\n\n\n\n<p>Samoz\u0159ejm\u011b s sebou p\u0159ivezeme i v\u0161echny dal\u0161\u00ed zaj\u00edmavosti z aktu\u00e1ln\u00edch i budouc\u00edch uveden\u00ed produkt\u016f na trh a nem\u016f\u017eeme se do\u010dkat, a\u017e v\u00e1m v\u0161e uk\u00e1\u017eeme. \ud83d\ude0d<\/p>\n\n\n\n<p><strong>Objevte nejnov\u011bj\u0161\u00ed generaci stan\u016f, n\u00e1dob\u00ed, ta\u0161ek, signaliz\u00e1tor\u016f z\u00e1b\u011bru, oble\u010den\u00ed, leh\u00e1tek a k\u0159esel, p\u0159epravn\u00edch \u0159e\u0161en\u00ed, prut\u016f, koncov\u00e9ho vybaven\u00ed a mnoho dal\u0161\u00edho!<\/strong><\/p>\n\n\n\n<p>P\u0159ij\u010fte tedy na n\u00e1\u0161 <strong>st\u00e1nek MEGA na veletrhu Carp Austria<\/strong>, vezm\u011bte si s sebou dobrou n\u00e1ladu a nechte se zav\u00e9st do sv\u011bta Trakker! Bude to v\u00e1\u017en\u011b super!   <\/p>\n\n\n\n<hr class=\"wp-block-separator has-alpha-channel-opacity\"\/>\n\n\n\n<h2 class=\"gb-headline gb-headline-8be99cde gb-headline-text\"><strong>DOMOV BOU\u0158E\u00ae<\/strong><\/h2>\n\n\n\n<p>Spole\u010dnost Trakker nab\u00edz\u00ed nejrychleji staviteln\u00fd stan z oce\u0148ovan\u00e9 \u0159ady Tempest. Jedine\u010dn\u00e1 patentovan\u00e1 konstrukce umo\u017e\u0148uje postavit stan Tempest za m\u00e9n\u011b ne\u017e 60 sekund a exkluzivn\u00ed tkanina Aquatexx EV\u00ae v\u00e1s udr\u017e\u00ed v teple a suchu i v t\u011bch nejn\u00e1ro\u010dn\u011bj\u0161\u00edch podm\u00ednk\u00e1ch. <\/p>\n\n\n<div class=\"gb-container gb-container-3c36e20b\">\n\n<div class=\"wp-block-columns is-layout-flex wp-container-core-columns-is-layout-9d6595d7 wp-block-columns-is-layout-flex\">\n<div class=\"wp-block-column is-layout-flow wp-block-column-is-layout-flow\">\n<figure class=\"wp-block-image size-full\"><img loading=\"lazy\" decoding=\"async\" width=\"640\" height=\"800\" src=\"data:image\/gif;base64,R0lGODlhAQABAAAAACH5BAEKAAEALAAAAAABAAEAAAICTAEAOw==\" alt=\"\" class=\"wp-image-107943 lazyload\" sizes=\"auto, (max-width: 640px) 100vw, 640px\" data-src=\"https:\/\/carp-austria.com\/wp-content\/uploads\/2024\/08\/trakker-rs-zwlt.jpg\" data-srcset=\"https:\/\/carp-austria.com\/wp-content\/uploads\/2024\/08\/trakker-rs-zwlt.jpg 640w, https:\/\/carp-austria.com\/wp-content\/uploads\/2024\/08\/trakker-rs-zwlt-288x360.jpg 288w, https:\/\/carp-austria.com\/wp-content\/uploads\/2024\/08\/trakker-rs-zwlt-124x155.jpg 124w\"><\/figure>\n<\/div>\n\n\n\n<div class=\"wp-block-column is-layout-flow wp-block-column-is-layout-flow\">\n<figure class=\"wp-block-image size-full\"><img loading=\"lazy\" decoding=\"async\" width=\"640\" height=\"800\" src=\"data:image\/gif;base64,R0lGODlhAQABAAAAACH5BAEKAAEALAAAAAABAAEAAAICTAEAOw==\" alt=\"\" class=\"wp-image-107944 lazyload\" sizes=\"auto, (max-width: 640px) 100vw, 640px\" data-src=\"https:\/\/carp-austria.com\/wp-content\/uploads\/2024\/08\/zelt-trakker_640.jpg\" data-srcset=\"https:\/\/carp-austria.com\/wp-content\/uploads\/2024\/08\/zelt-trakker_640.jpg 640w, https:\/\/carp-austria.com\/wp-content\/uploads\/2024\/08\/zelt-trakker_640-288x360.jpg 288w, https:\/\/carp-austria.com\/wp-content\/uploads\/2024\/08\/zelt-trakker_640-124x155.jpg 124w\"><\/figure>\n<\/div>\n<\/div>\n\n<\/div>\n\n\n<div style=\"height:15px\" aria-hidden=\"true\" class=\"wp-block-spacer\"><\/div>\n\n\n<div class=\"gb-container gb-container-fd7bff57\">\n\n<div class=\"wp-block-columns is-layout-flex wp-container-core-columns-is-layout-9d6595d7 wp-block-columns-is-layout-flex\">\n<div class=\"wp-block-column is-layout-flow wp-block-column-is-layout-flow\">\n<h2 class=\"gb-headline gb-headline-5c9a7f8e gb-headline-text\">Co m\u016f\u017eete o\u010dek\u00e1vat \ud83d\udc47  <\/h2>\n\n\n\n<figure class=\"wp-block-video\"><video height=\"1280\" style=\"aspect-ratio: 720 \/ 1280;\" width=\"720\" autoplay controls src=\"https:\/\/carp-austria.com\/wp-content\/uploads\/2024\/08\/Die-Messesaison-fuer-diesen-Winter-ist-nun-langsam-endgueltig-vorueber.-Ein-kurzer-Rueckblick-noch-mit-@klaudiokolakovic-bevor-wir-uns-wieder-den-wesentlichsten-Dingen-unseres-Hobby.mp4\"><\/video><\/figure>\n<\/div>\n\n\n\n<div class=\"wp-block-column is-layout-flow wp-block-column-is-layout-flow\">\n<h2 class=\"gb-headline gb-headline-a3f83e80 gb-headline-text\">Spole\u010densk\u00e9 \u010depice <strong>Tempest RS<\/strong> \ud83d\udc47<\/h2>\n\n\n\n<figure class=\"wp-block-video\"><video height=\"1280\" style=\"aspect-ratio: 720 \/ 1280;\" width=\"720\" controls src=\"https:\/\/carp-austria.com\/wp-content\/uploads\/2024\/08\/Tempest-RS-Social-Caps.mp4\"><\/video><\/figure>\n<\/div>\n<\/div>\n\n<\/div>\n\n\n<h2 class=\"gb-headline gb-headline-56625157 gb-headline-text\">Trakker Power Pack &#8211; v\u00fdkonn\u00e9 powerbanky pro dlouh\u00e9 ryba\u0159en\u00ed<\/h2>\n\n\n\n<p>Spole\u010dnost Trakker uv\u00e1d\u00ed na trh t\u0159i mobiln\u00ed nap\u00e1jec\u00ed zdroje 20K, 48K a 96K, kter\u00e9 byly speci\u00e1ln\u011b navr\u017eeny pro venkovn\u00ed pou\u017eit\u00ed p\u0159i rybolovu. Powerbanky jsou vybaveny v\u0161emi nejnov\u011bj\u0161\u00edmi nab\u00edjec\u00edmi technologiemi, v\u010detn\u011b USB-C Power Delivery, USB-A QC 3.0 a bezdr\u00e1tov\u00e9ho nab\u00edjen\u00ed. <\/p>\n\n\n\n<h3 class=\"wp-block-heading\">Kter\u00e1 sada Trakker Power Pack je pro v\u00e1s ta prav\u00e1?<\/h3>\n\n\n\n<p>T\u0159i modely &#8211; t\u0159i kapacity. Najd\u011bte si nap\u00e1jec\u00ed sadu, kter\u00e1 dokonale vyhovuje va\u0161emu stylu ryba\u0159en\u00ed!<br>\ud83d\udce6<strong> 20K Power Pack<\/strong><br>Kompaktn\u00ed verze pro denn\u00ed seance a kr\u00e1tk\u00e9 noci. Ide\u00e1ln\u00ed pro rychl\u00e9 nabit\u00ed mobiln\u00edho telefonu, tabletu, e-cigarety nebo \u010delovky &#8211; p\u0159esn\u011b ve chv\u00edli, kdy to pot\u0159ebujete.<br>\u26a1<strong> 48K Power Pack<\/strong><br>Z\u016fst\u00e1v\u00e1te u vody d\u00e9le? Pak je verze 48K Power Pack p\u0159esn\u011b pro v\u00e1s. Tato nap\u00e1jec\u00ed sada poskytuje dostatek energie pro n\u011bkolik za\u0159\u00edzen\u00ed na n\u011bkolik dn\u00ed &#8211; v\u010detn\u011b bezdr\u00e1tov\u00e9ho rychl\u00e9ho nab\u00edjen\u00ed kompatibiln\u00edch za\u0159\u00edzen\u00ed.<br>\ud83d\udcaa<strong> 96K Power Pack<\/strong><br>Maxim\u00e1ln\u00ed v\u00fdkon pro ty, kte\u0159\u00ed cht\u011bj\u00ed hr\u00e1t na jistotu. Model 96K poskytuje energii na t\u00fdden (nebo d\u00e9le), nab\u00edj\u00ed n\u011bkolik za\u0159\u00edzen\u00ed sou\u010dasn\u011b a m\u00e1 na palub\u011b bezdr\u00e1tov\u00e9 rychlonab\u00edjen\u00ed.<br>Nez\u00e1le\u017e\u00ed na tom, jak dlouh\u00e9 je va\u0161e sezen\u00ed &#8211; v\u017edy je tu ten spr\u00e1vn\u00fd Trakker Power Pack, kter\u00fd v\u00e1m dod\u00e1 energii: na ryba\u0159en\u00ed, nat\u00e1\u010den\u00ed, rolov\u00e1n\u00ed a sv\u00edcen\u00ed. \u2728<br>Kter\u00fd power pack si vyberete?     <\/p>\n\n\n\n<div style=\"height:15px\" aria-hidden=\"true\" class=\"wp-block-spacer\"><\/div>\n\n\n\n<figure class=\"wp-block-embed is-type-video is-provider-youtube wp-block-embed-youtube wp-embed-aspect-16-9 wp-has-aspect-ratio\"><div class=\"wp-block-embed__wrapper\">\n<div class='wpo_youtube_preview_container'><img src=\"https:\/\/carp-austria.com\/wp-content\/cache\/wpo-youtube-thumbnails\/_LolCfbMyl0-hqdefault.jpg\" class=\"wpo_youtube_preview\" data-video-url=\"https:\/\/www.youtube.com\/embed\/_LolCfbMyl0?feature=oembed\" alt=\"YouTube thumbnail\" data-iframe-attr=\"{&quot;loading&quot;:&quot;lazy&quot;,&quot;title&quot;:&quot;NEU 2025: Trakker Power Packs | 48k &amp; 96k Modelle im Detail | Stromversorgung beim Karpfenangeln&quot;,&quot;width&quot;:&quot;1200&quot;,&quot;height&quot;:&quot;675&quot;,&quot;src&quot;:&quot;https:\\\/\\\/www.youtube.com\\\/embed\\\/_LolCfbMyl0?feature=oembed&quot;,&quot;frameborder&quot;:&quot;0&quot;,&quot;allow&quot;:&quot;accelerometer; autoplay; clipboard-write; encrypted-media; gyroscope; picture-in-picture; web-share&quot;,&quot;referrerpolicy&quot;:&quot;strict-origin-when-cross-origin&quot;,&quot;allowfullscreen&quot;:&quot;&quot;}\"\/><span class=\"wpo_youtube_preview_overlay\"><img src=\"https:\/\/carp-austria.com\/wp-content\/plugins\/wp-optimize-premium\/images\/icon\/icons8-youtube-96.svg\" alt=\"YouTube icon\"\/><\/span><\/div>\n<\/div><\/figure>\n\n\n\n<div style=\"height:15px\" aria-hidden=\"true\" class=\"wp-block-spacer\"><\/div>\n\n\n\n<h2 class=\"wp-block-heading\">Vybaven\u00ed Trakker za bezkonkuren\u010dn\u00ed veletr\u017en\u00ed ceny<\/h2>\n\n\n\n<p>V\u0161echny tyto vysoce kvalitn\u00ed v\u00fdrobky Trakker budou na veletrhu Carp Austria nab\u00edzeny za bezkonkuren\u010dn\u00ed ceny. Pro ryb\u00e1\u0159e je to jedine\u010dn\u00e1 p\u0159\u00edle\u017eitost vybavit se prvot\u0159\u00eddn\u00edm ryb\u00e1\u0159sk\u00fdm p\u0159\u00edslu\u0161enstv\u00edm a objevit nejnov\u011bj\u0161\u00ed inovace spole\u010dnosti Trakker. <\/p>\n\n\n\n<p>St\u00e1nek MEGA Trakker slibuje v\u0161em n\u00e1v\u0161t\u011bvn\u00edk\u016fm veletrhu Carp Austria nezapomenuteln\u00fd n\u00e1kupn\u00ed z\u00e1\u017eitek. Vyplat\u00ed se nav\u0161t\u00edvit tento st\u00e1nek na ryb\u00e1\u0159sk\u00e9m veletrhu Carp Austria a vyu\u017e\u00edt exkluzivn\u00ed nab\u00eddky. <\/p>\n\n\n\n<p>Srde\u010dn\u011b zveme n\u00e1v\u0161t\u011bvn\u00edky, aby si prohl\u00e9dli st\u00e1nek spole\u010dnosti Trakker na veletrhu Carp Austria a p\u0159esv\u011bd\u010dili se o vynikaj\u00edc\u00ed kvalit\u011b v\u00fdrobk\u016f. T\u00fdm Trakker bude p\u0159ipraven zodpov\u011bd\u011bt v\u0161echny dotazy a nab\u00eddnout ty nejlep\u0161\u00ed nab\u00eddky pro \u00fasp\u011b\u0161nou ryb\u00e1\u0159skou sez\u00f3nu. <\/p>\n\n\n\n<h2 class=\"gb-headline gb-headline-774786a9 gb-headline-text\">Dal\u0161\u00ed informace o produktech Trakker najdete zde:<\/h2>\n\n\n\n<ul class=\"wp-block-list\">\n<li>Kliknut\u00edm sem p\u0159ejdete na <a href=\"https:\/\/www.trakkerproducts.com\/de\" target=\"_blank\" rel=\"noopener\">webov\u00e9 str\u00e1nky spole\u010dnosti Trakker Products<\/a><\/li>\n\n\n\n<li>Klikn\u011bte zde pro <a href=\"https:\/\/www.instagram.com\/trakker_de.at\/\" target=\"_blank\" rel=\"noopener\">Trakker na Instagramu<\/a><\/li>\n\n\n\n<li>Kliknut\u00edm sem p\u0159ejdete na str\u00e1nku <a href=\"https:\/\/www.facebook.com\/TrakkerTeamDeutschland\" target=\"_blank\" rel=\"noopener\">Trakker na Facebooku<\/a><\/li>\n\n\n\n<li><a href=\"https:\/\/www.youtube.com\/@trakkerproducts-deat\" target=\"_blank\" rel=\"noopener\">Kan\u00e1l Youtube Trakker<\/a><\/li>\n<\/ul>\n\n\n\n<figure class=\"wp-block-embed is-type-rich is-provider-tiktok wp-block-embed-tiktok\"><div class=\"wp-block-embed__wrapper\">\n<blockquote class=\"tiktok-embed\" cite=\"https:\/\/www.tiktok.com\/@trakkerproducts\" data-unique-id=\"trakkerproducts\" data-embed-from=\"oembed\" data-embed-type=\"creator\" style=\"max-width:780px; min-width:288px;\"> <section> <a target=\"_blank\" href=\"https:\/\/www.tiktok.com\/@trakkerproducts?refer=creator_embed\" rel=\"noopener\">@trakkerproducts<\/a> <\/section> <\/blockquote> <script async src=\"https:\/\/www.tiktok.com\/embed.js\"><\/script>\n<\/div><\/figure>\n\n\n<div class=\"gb-container gb-container-ae2316b3\"><div class=\"gb-inside-container\">\n<div class=\"gb-grid-wrapper gb-grid-wrapper-6ab68510\">\n<div class=\"gb-grid-column gb-grid-column-56e10727\"><div class=\"gb-container gb-container-56e10727\"><div class=\"gb-inside-container\">\n\n<h2 class=\"gb-headline gb-headline-ec17aad4 gb-headline-text\"><strong><strong>Kupte si online denn\u00ed vstupenku a kbel\u00edkov\u00e9 akce nyn\u00ed!<\/strong><\/strong><\/h2>\n\n\n<div class=\"gb-container gb-container-e69c7d2d\">\n                    <div class=\"tickera\">\r\n                                                    <div class=\"tc-event-table-wrap\">\r\n                                <table class=\"event_tickets tickera\">\r\n                                    <tr>\r\n                                                                                <th>Ticket Type<\/th>\r\n                                                                                <th>Price<\/th>\r\n                                                                                                                        <th>Cart<\/th>\r\n                                    <\/tr>\r\n                                                                                <tr>\r\n                                                                                        <td data-column=\"Ticket Type\">\ud83c\udf9f Tageskarte \u2013 Eintritt zur Messe (Day Ticket)<\/td>\r\n                                                                                        <td data-column=\"Price\">11 \u20ac<\/td>\r\n                                                                                                                                    <td data-column=\"Cart\"><form class=\"cart_form\"><input type=\"hidden\" id=\"nonce\" name=\"nonce\" value=\"e711bf89e8\" \/><input type=\"hidden\" name=\"_wp_http_referer\" value=\"\/cs\/wp-json\/wp\/v2\/posts\/46055\" \/><a href=\"#\" class=\"add_to_cart\" data-button-type=\"cart\" data-open-method=\"regular\" id=\"ticket_114499\"><span class=\"title\">Add to Cart<\/span><\/a><input type=\"hidden\" name=\"ticket_id\" class=\"ticket_id\" value=\"114499\" \/><\/form><\/td>\r\n                                            <\/tr>                                            <tr>\r\n                                                                                        <td data-column=\"Ticket Type\">\ud83d\udd25 Tageskarte + CA-Eimer \u2013 BESTER DEAL (Ticket + Bucket)<\/td>\r\n                                                                                        <td data-column=\"Price\">17 \u20ac<\/td>\r\n                                                                                                                                    <td data-column=\"Cart\"><form class=\"cart_form\"><input type=\"hidden\" id=\"nonce\" name=\"nonce\" value=\"e711bf89e8\" \/><input type=\"hidden\" name=\"_wp_http_referer\" value=\"\/cs\/wp-json\/wp\/v2\/posts\/46055\" \/><a href=\"#\" class=\"add_to_cart\" data-button-type=\"cart\" data-open-method=\"regular\" id=\"ticket_114500\"><span class=\"title\">Add to Cart<\/span><\/a><input type=\"hidden\" name=\"ticket_id\" class=\"ticket_id\" value=\"114500\" \/><\/form><\/td>\r\n                                            <\/tr>                                            <tr>\r\n                                                                                        <td data-column=\"Ticket Type\">\ud83d\udce6 5 Stk. CA Eimer \u2013 VORTEILSPACK (5x Camou Bucket) leer<\/td>\r\n                                                                                        <td data-column=\"Price\">29.90 \u20ac<\/td>\r\n                                                                                                                                    <td data-column=\"Cart\"><form class=\"cart_form\"><input type=\"hidden\" id=\"nonce\" name=\"nonce\" value=\"e711bf89e8\" \/><input type=\"hidden\" name=\"_wp_http_referer\" value=\"\/cs\/wp-json\/wp\/v2\/posts\/46055\" \/><a href=\"#\" class=\"add_to_cart\" data-button-type=\"cart\" data-open-method=\"regular\" id=\"ticket_114501\"><span class=\"title\">Add to Cart<\/span><\/a><input type=\"hidden\" name=\"ticket_id\" class=\"ticket_id\" value=\"114501\" \/><\/form><\/td>\r\n                                            <\/tr>                                            <tr>\r\n                                                                                        <td data-column=\"Ticket Type\">\ud83c\udf81 Raubfisch \u00dcberraschungs-Eimer \u2013 NUR AUF DER MESSE (Predator Surprise Bucket)<\/td>\r\n                                                                                        <td data-column=\"Price\">35.90 \u20ac<\/td>\r\n                                                                                                                                    <td data-column=\"Cart\"><form class=\"cart_form\"><input type=\"hidden\" id=\"nonce\" name=\"nonce\" value=\"e711bf89e8\" \/><input type=\"hidden\" name=\"_wp_http_referer\" value=\"\/cs\/wp-json\/wp\/v2\/posts\/46055\" \/><a href=\"#\" class=\"add_to_cart\" data-button-type=\"cart\" data-open-method=\"regular\" id=\"ticket_114502\"><span class=\"title\">Add to Cart<\/span><\/a><input type=\"hidden\" name=\"ticket_id\" class=\"ticket_id\" value=\"114502\" \/><\/form><\/td>\r\n                                            <\/tr>                                            <tr>\r\n                                                                                        <td data-column=\"Ticket Type\">\ud83d\udd25 Anaconda \u00dcberraschungs-Eimer \u2013 MEIST GEKAUFT (Surprise Bucket)<\/td>\r\n                                                                                        <td data-column=\"Price\">35.90 \u20ac<\/td>\r\n                                                                                                                                    <td data-column=\"Cart\"><form class=\"cart_form\"><input type=\"hidden\" id=\"nonce\" name=\"nonce\" value=\"e711bf89e8\" \/><input type=\"hidden\" name=\"_wp_http_referer\" value=\"\/cs\/wp-json\/wp\/v2\/posts\/46055\" \/><a href=\"#\" class=\"add_to_cart\" data-button-type=\"cart\" data-open-method=\"regular\" id=\"ticket_114503\"><span class=\"title\">Add to Cart<\/span><\/a><input type=\"hidden\" name=\"ticket_id\" class=\"ticket_id\" value=\"114503\" \/><\/form><\/td>\r\n                                            <\/tr>                                <\/table>\r\n                            <\/div><!-- .tc-event-table-wrap -->\r\n                                            <\/div><!-- tickera -->\r\n                    \n\n\n\n<p class=\"gb-headline gb-headline-d98b1e66 gb-headline-text\">nebo zde:<\/p>\n\n\n<div class=\"gb-button-wrapper gb-button-wrapper-7c39275b\">\n\n<a class=\"gb-button gb-button-db436bca\" href=\"\/?page_id=47551\"><span class=\"gb-button-text\"><strong>Prodejna vstupenek<\/strong> Carp Austria<\/span><span class=\"gb-icon\"><svg xmlns=\"http:\/\/www.w3.org\/2000\/svg\" xml:space=\"preserve\" style=\"enable-background:new 0 0 330 330\" viewbox=\"0 0 330 330\"><path d=\"M15 180h263.787l-49.394 49.394c-5.858 5.857-5.858 15.355 0 21.213C232.322 253.535 236.161 255 240 255s7.678-1.465 10.606-4.394l75-75c5.858-5.857 5.858-15.355 0-21.213l-75-75c-5.857-5.857-15.355-5.857-21.213 0-5.858 5.857-5.858 15.355 0 21.213L278.787 150H15c-8.284 0-15 6.716-15 15s6.716 15 15 15z\"><\/path><\/svg><\/span><\/a>\n\n<\/div>\n<\/div>\n\n\n<div style=\"height:31px\" aria-hidden=\"true\" class=\"wp-block-spacer\"><\/div>\n\n\n\n<h4 class=\"gb-headline gb-headline-2f07d386 gb-headline-text\"><mark class=\"gb-highlight\"><mark style=\"background-color:rgba(0, 0, 0, 0)\" class=\"has-inline-color has-global-color-8-color\">Kbel\u00edk s p\u0159ekvapen\u00edm &#8211; <strong>Pouze pro n\u00e1v\u0161t\u011bvn\u00edky veletrhu<\/strong> a <strong>pouze s online p\u0159edobjedn\u00e1vkou<\/strong> &#8211; bez dopravy, <strong>k vyzvednut\u00ed na Carp Austria 2025<\/strong> ve <strong>Wiener Neustadt<\/strong>!<br><\/mark><\/mark><\/h4>\n\n<\/div><\/div><\/div>\n<\/div>\n\n<div class=\"gb-grid-wrapper gb-grid-wrapper-90580e90\">\n<div class=\"gb-grid-column gb-grid-column-9a7f2995\"><div class=\"gb-container gb-container-9a7f2995\">\n<div class=\"gb-container gb-container-69dd71a1\">\n<div class=\"gb-container gb-container-2ebd2fbb\">\n\n<div class=\"wp-block-group is-vertical is-content-justification-center is-layout-flex wp-container-core-group-is-layout-4b2eccd6 wp-block-group-is-layout-flex\">\n<h4 class=\"gb-headline gb-headline-7595fea7 gb-headline-text\">Nyn\u00ed online<\/h4>\n\n\n\n<h4 class=\"wp-block-heading\">Kupte si jednodenn\u00ed vstupenku!<\/h4>\n<\/div>\n\n\n<div class=\"gb-container gb-container-532409be\">\n<div class=\"wp-block-image\">\n<figure class=\"aligncenter size-full\"><a href=\"\/?page_id=47551\" target=\"_blank\" rel=\" noreferrer noopener\"><img loading=\"lazy\" decoding=\"async\" width=\"350\" height=\"350\" src=\"data:image\/gif;base64,R0lGODlhAQABAAAAACH5BAEKAAEALAAAAAABAAEAAAICTAEAOw==\" alt=\"Online j&#xED;zdenka Carp-Austria 2025\" class=\"wp-image-75026 lazyload\" style=\"object-fit:cover\" sizes=\"auto, (max-width: 350px) 100vw, 350px\" data-src=\"https:\/\/carp-austria.com\/wp-content\/uploads\/2025\/02\/Online-Ticket-Carp-Austria-2025_350.jpg\" data-srcset=\"https:\/\/carp-austria.com\/wp-content\/uploads\/2025\/02\/Online-Ticket-Carp-Austria-2025_350.jpg 350w, https:\/\/carp-austria.com\/wp-content\/uploads\/2025\/02\/Online-Ticket-Carp-Austria-2025_350-155x155.jpg 155w\"><\/a><\/figure>\n<\/div>\n\n<div class=\"gb-container gb-container-5199dec2\">\n\n<div class=\"wp-block-group is-vertical is-layout-flex wp-container-core-group-is-layout-8cf370e7 wp-block-group-is-layout-flex\">\n<p>\u2705P\u0159\u00edm\u00fd<strong>vstup na veletrh<\/strong> &#8211; \u017e\u00e1dn\u00e9 \u010dek\u00e1n\u00ed u pokladny<\/p>\n\n\n\n<p>\u2705 Vstupn\u00e9 so, 6. 12. <strong>od 08:00 hod.<\/strong><\/p>\n\n\n\n<p>\u2705 Automatick\u00e1 <strong>\u00fa\u010dast na<\/strong> <strong><strong><a href=\"\/?page_id=83475\">losov\u00e1n\u00ed o ceny n\u00e1kupn\u00edho turn\u00e9 v hodnot\u011b 500 \u20ac<\/a><\/strong><\/strong><\/p>\n<\/div>\n\n<\/div>\n<\/div>\n<\/div>\n<\/div>\n<\/div><\/div>\n\n<div class=\"gb-grid-column gb-grid-column-68b34313\"><div class=\"gb-container gb-container-68b34313\">\n<div class=\"gb-container gb-container-a6edd56c\">\n\n<div class=\"wp-block-group is-vertical is-content-justification-center is-layout-flex wp-container-core-group-is-layout-4b2eccd6 wp-block-group-is-layout-flex\">\n<h4 class=\"gb-headline gb-headline-b1714ad6 gb-headline-text\">Vstupenka + ryb\u00e1\u0159sk\u00fd kbel\u00edk<\/h4>\n\n\n\n<h4 class=\"wp-block-heading has-text-align-center\">koupit nyn\u00ed!<\/h4>\n<\/div>\n\n\n<div class=\"gb-container gb-container-544ad66d\">\n<div class=\"wp-block-image\">\n<figure class=\"aligncenter size-full\"><a href=\"\/?page_id=47551\" target=\"_blank\" rel=\"noopener\"><img loading=\"lazy\" decoding=\"async\" width=\"250\" height=\"250\" src=\"data:image\/gif;base64,R0lGODlhAQABAAAAACH5BAEKAAEALAAAAAABAAEAAAICTAEAOw==\" alt=\"\" class=\"wp-image-79068 lazyload\" style=\"object-fit:cover\" sizes=\"auto, (max-width: 250px) 100vw, 250px\" data-src=\"https:\/\/carp-austria.com\/wp-content\/uploads\/2024\/05\/ticket-eimer_250.jpg\" data-srcset=\"https:\/\/carp-austria.com\/wp-content\/uploads\/2024\/05\/ticket-eimer_250.jpg 250w, https:\/\/carp-austria.com\/wp-content\/uploads\/2024\/05\/ticket-eimer_250-155x155.jpg 155w\"><\/a><\/figure>\n<\/div>\n<\/div>\n\n<div class=\"gb-container gb-container-e896e0e3\">\n\n<div class=\"wp-block-group is-vertical is-layout-flex wp-container-core-group-is-layout-8cf370e7 wp-block-group-is-layout-flex\">\n<p>\ud83c\udf9f\ufe0f <strong>Zajist\u011bte si kombinovanou letenku <\/strong>:  <\/p>\n\n\n\n<p><strong>Online vstupenka + maskovac\u00ed ryb\u00e1\u0159sk\u00fd kbel\u00edk za speci\u00e1ln\u00ed cenu!<\/strong><\/p>\n\n\n\n<p class=\"has-small-font-size\"><a href=\"\/?page_id=82363\" target=\"_blank\" rel=\"noreferrer noopener\">&#8230;v\u00edce informac\u00ed<\/a><\/p>\n<\/div>\n\n<\/div>\n<\/div>\n<\/div><\/div>\n\n<div class=\"gb-grid-column gb-grid-column-7985be8e\"><div class=\"gb-container gb-container-7985be8e\">\n<div class=\"gb-container gb-container-406e5c08\">\n<div class=\"gb-container gb-container-6be1da81\">\n\n<div class=\"wp-block-group is-vertical is-content-justification-center is-layout-flex wp-container-core-group-is-layout-4b2eccd6 wp-block-group-is-layout-flex\">\n<h4 class=\"gb-headline gb-headline-73914b62 gb-headline-text\">P\u0159ekvapen\u00ed Anakonda  <\/h4>\n\n\n\n<h4 class=\"wp-block-heading has-text-align-center\">Kbel\u00edk<\/h4>\n<\/div>\n\n\n<div class=\"gb-container gb-container-ad4b0944\">\n<div class=\"wp-block-image is-style-default\">\n<figure class=\"aligncenter size-full\"><a href=\"\/?page_id=82363\" target=\"_blank\" rel=\" noreferrer noopener\"><img loading=\"lazy\" decoding=\"async\" width=\"250\" height=\"250\" src=\"data:image\/gif;base64,R0lGODlhAQABAAAAACH5BAEKAAEALAAAAAABAAEAAAICTAEAOw==\" alt=\"\" class=\"wp-image-79035 lazyload\" style=\"object-fit:cover\" sizes=\"auto, (max-width: 250px) 100vw, 250px\" data-src=\"https:\/\/carp-austria.com\/wp-content\/uploads\/2024\/05\/Anaconda-Ueberraschungs-Eimer_fee_250.jpg\" data-srcset=\"https:\/\/carp-austria.com\/wp-content\/uploads\/2024\/05\/Anaconda-Ueberraschungs-Eimer_fee_250.jpg 250w, https:\/\/carp-austria.com\/wp-content\/uploads\/2024\/05\/Anaconda-Ueberraschungs-Eimer_fee_250-155x155.jpg 155w\"><\/a><\/figure>\n<\/div>\n\n<div class=\"gb-container gb-container-25ee814d\">\n\n<div class=\"wp-block-group is-vertical is-layout-flex wp-container-core-group-is-layout-8cf370e7 wp-block-group-is-layout-flex\">\n<div class=\"wp-block-group is-vertical is-layout-flex wp-container-core-group-is-layout-8cf370e7 wp-block-group-is-layout-flex\">\n<p><mark style=\"background-color:rgba(0, 0, 0, 0)\" class=\"has-inline-color has-accent-2-color\"><strong>Hodnota zbo\u017e\u00ed nad 100 EUR<\/strong><\/mark><\/p>\n\n\n\n<p>\ud83c\udf89 <strong><mark style=\"background-color:rgba(0, 0, 0, 0)\" class=\"has-inline-color has-global-color-8-color\">+ 4 EXTRA \u0161ance na v\u00fdhru:<\/mark><\/strong><\/p>\n<\/div>\n\n\n\n<p>\ud83c\udf812x<strong>CX-2 CORKY kaprov\u00e9 pruty<\/strong><\/p>\n\n\n\n<p>\ud83c\udf81<strong><strong>Champions Scoop HC-330<\/strong><\/strong><\/p>\n\n\n\n<p>\ud83c\udf81<strong><strong>Kol\u00e9bka pro kapry &#8222;Air Care&#8220;<\/strong><\/strong><\/p>\n\n\n\n<p>\ud83c\udf813<strong> <strong>Shimano Ultegra 14000 XTE<\/strong><\/strong><\/p>\n\n\n\n<p class=\"has-small-font-size\"><a href=\"\/?page_id=82363\" target=\"_blank\" rel=\"noreferrer noopener\">&#8230;v\u00edce informac\u00ed<\/a><\/p>\n<\/div>\n\n<\/div>\n<\/div>\n<\/div>\n<\/div>\n<\/div><\/div>\n\n<div class=\"gb-grid-column gb-grid-column-844e55fa\"><div class=\"gb-container gb-container-844e55fa\">\n<div class=\"gb-container gb-container-f9ffe7da\">\n<div class=\"gb-container gb-container-6f75be7a\">\n\n<div class=\"wp-block-group is-vertical is-content-justification-center is-layout-flex wp-container-core-group-is-layout-4b2eccd6 wp-block-group-is-layout-flex\">\n<h4 class=\"gb-headline gb-headline-99dff823 gb-headline-text\">P\u0159ekvapen\u00ed pro drav\u00e9 ryby  <\/h4>\n\n\n\n<h4 class=\"wp-block-heading has-text-align-center\">Kbel\u00edk<\/h4>\n<\/div>\n\n\n<div class=\"gb-container gb-container-cad914ea\">\n<div class=\"wp-block-image\">\n<figure class=\"aligncenter size-full\"><a href=\"\/?page_id=82363#Raubfisch-%C3%9Cberraschungs-Eimer\" target=\"_blank\"><img loading=\"lazy\" decoding=\"async\" width=\"250\" height=\"250\" src=\"data:image\/gif;base64,R0lGODlhAQABAAAAACH5BAEKAAEALAAAAAABAAEAAAICTAEAOw==\" alt=\"\" class=\"wp-image-79046 lazyload\" style=\"object-fit:cover\" sizes=\"auto, (max-width: 250px) 100vw, 250px\" data-src=\"https:\/\/carp-austria.com\/wp-content\/uploads\/2024\/05\/raubfisch-eimer-ohne-allem_250.jpg\" data-srcset=\"https:\/\/carp-austria.com\/wp-content\/uploads\/2024\/05\/raubfisch-eimer-ohne-allem_250.jpg 250w, https:\/\/carp-austria.com\/wp-content\/uploads\/2024\/05\/raubfisch-eimer-ohne-allem_250-155x155.jpg 155w\"><\/a><\/figure>\n<\/div>\n<\/div>\n\n<div class=\"gb-container gb-container-4a1e1343\">\n\n<div class=\"wp-block-group is-vertical is-layout-flex wp-container-core-group-is-layout-8cf370e7 wp-block-group-is-layout-flex\">\n<p><strong><mark style=\"background-color:rgba(0, 0, 0, 0)\" class=\"has-inline-color has-accent-2-color\">Hodnota zbo\u017e\u00ed nad 100 EUR<\/mark><\/strong><\/p>\n\n\n\n<p>\ud83c\udf89 <strong><mark style=\"background-color:rgba(0, 0, 0, 0)\" class=\"has-inline-color has-global-color-8-color\">+ 4 EXTRA \u0161ance na v\u00fdhru:<\/mark><\/strong><br\/>\ud83c\udf81 <strong>SHIMANO STELLA FK 2500<\/strong><\/p>\n\n\n\n<p><strong><strong>\ud83c\udf81 S <strong>ada Whipsta Zander<\/strong><\/strong><\/strong><\/p>\n\n\n\n<p><strong><strong>\ud83c\udf81<\/strong><\/strong> <strong>Bal\u00ed\u010dek novinek s um\u011bl\u00fdmi n\u00e1vnadami<\/strong><\/p>\n\n\n\n<p><strong><strong>\ud83c\udf81<\/strong><\/strong> <strong>Edice Slide &amp; Float Scoop<\/strong><\/p>\n\n\n\n<p class=\"has-small-font-size\"><a href=\"\/?page_id=82363#Raubfisch-%C3%9Cberraschungs-Eimer\" target=\"_blank\" rel=\"noreferrer noopener\">&#8230;v\u00edce informac\u00ed<\/a><\/p>\n<\/div>\n\n<\/div>\n<\/div>\n<\/div>\n<\/div><\/div>\n\n<div class=\"gb-grid-column gb-grid-column-26defc13\"><div class=\"gb-container gb-container-26defc13\">\n<div class=\"gb-container gb-container-f7d33750\">\n<div class=\"gb-container gb-container-b94c0dbe\">\n\n<div class=\"wp-block-group is-vertical is-content-justification-center is-layout-flex wp-container-core-group-is-layout-4b2eccd6 wp-block-group-is-layout-flex\">\n<h4 class=\"gb-headline gb-headline-1c9fba88 gb-headline-text\">Kapr Rakousko  <\/h4>\n\n\n\n<h4 class=\"wp-block-heading has-text-align-center\">Akce s kbel\u00edkem<\/h4>\n<\/div>\n\n\n<div class=\"gb-container gb-container-b1676adb\">\n<div class=\"wp-block-image\">\n<figure class=\"aligncenter size-full\"><a href=\"\/?page_id=82363#CARP-AUSTRIA-CAMOUFLAGE-EIMER-DEAL\" target=\"_blank\"><img loading=\"lazy\" decoding=\"async\" width=\"250\" height=\"250\" src=\"data:image\/gif;base64,R0lGODlhAQABAAAAACH5BAEKAAEALAAAAAABAAEAAAICTAEAOw==\" alt=\"\" class=\"wp-image-79101 lazyload\" style=\"object-fit:cover\" sizes=\"auto, (max-width: 250px) 100vw, 250px\" data-src=\"https:\/\/carp-austria.com\/wp-content\/uploads\/2024\/05\/billigster-Angeleimer_250-3.jpg\" data-srcset=\"https:\/\/carp-austria.com\/wp-content\/uploads\/2024\/05\/billigster-Angeleimer_250-3.jpg 250w, https:\/\/carp-austria.com\/wp-content\/uploads\/2024\/05\/billigster-Angeleimer_250-3-155x155.jpg 155w\"><\/a><\/figure>\n<\/div>\n<\/div>\n\n<div class=\"gb-container gb-container-ec8c8529\">\n\n<div class=\"wp-block-group is-vertical is-layout-flex wp-container-core-group-is-layout-8cf370e7 wp-block-group-is-layout-flex\">\n<p><strong><mark style=\"background-color:rgba(0, 0, 0, 0)\" class=\"has-inline-color has-global-color-8-color\">Nejlevn\u011bj\u0161\u00ed kamufl\u00e1\u017en\u00ed ryb\u00e1\u0159sk\u00e9 v\u011bdro v Evrop\u011b!!!<\/mark><\/strong><\/p>\n\n\n\n<p>EXTRA siln\u00e1 verze v maskovac\u00edm proveden\u00ed a objem 10 litr\u016f &#8211; ide\u00e1ln\u00ed pro n\u00e1vnady, sm\u011bsi, boilies, potraviny a pivo \ud83d\ude09<\/p>\n\n\n\n<p><mark style=\"background-color:rgba(0, 0, 0, 0)\" class=\"has-inline-color has-global-color-8-color\"><strong>5 ryb\u00e1\u0159sk\u00fdch kbel\u00edk\u016f<\/strong> <\/mark>pouze za <strong><mark style=\"background-color:rgba(0, 0, 0, 0)\" class=\"has-inline-color has-global-color-8-color\">29,90 EUR<\/mark><\/strong> \ud83d\ude2f<\/p>\n\n\n\n<p class=\"has-small-font-size\"><a href=\"\/?page_id=82363#CARP-AUSTRIA-CAMOUFLAGE-EIMER-DEAL\" target=\"_blank\" data-type=\"link\" data-id=\"https:\/\/carp-austria.com\/eimer-aktion\/#CARP-AUSTRIA-CAMOUFLAGE-EIMER-DEAL\" rel=\"noreferrer noopener\">&#8230;v\u00edce informac\u00ed<\/a><\/p>\n<\/div>\n\n<\/div>\n<\/div>\n<\/div>\n<\/div><\/div>\n<\/div>\n\n\n<p><\/p>\n\n\n\n<p>(Ceny v\u010detn\u011b DPH a vstupn\u00e9ho)<\/p>\n\n\n\n<p>Tato jednodenn\u00ed vstupenka oprav\u0148uje k jednomu vstupu na veletrh a lze ji uplatnit v n\u011bkter\u00fd z veletr\u017en\u00edch dn\u016f. D\u011bti mlad\u0161\u00ed 10 let vstupenku nepot\u0159ebuj\u00ed a jsou vpu\u0161t\u011bny p\u0159\u00edmo kontrolorem. <\/p>\n\n\n\n<p class=\"has-small-font-size\"><strong>D\u016fle\u017eit\u00e9 informace o kbel\u00edc\u00edch s p\u0159ekvapen\u00edm<\/strong>: <strong><mark style=\"background-color:rgba(0, 0, 0, 0)\" class=\"has-inline-color has-global-color-8-color\">Koup\u011b kbel\u00edku s p\u0159ekvapen\u00edm nebo kbel\u00edku s kamufl\u00e1\u017e\u00ed <strong>nezahrnuje<\/strong> vstupenku na p\u0159edstaven\u00ed.<\/mark><\/strong> Zobrazen\u00e9 fotografie jsou symbolick\u00e9 &#8211; obsah se m\u016f\u017ee li\u0161it, proto jim tak\u00e9 \u0159\u00edk\u00e1me kbel\u00edky s p\u0159ekvapen\u00edm \ud83d\ude03, ale <strong>hodnota zbo\u017e\u00ed je zaru\u010den\u011b vy\u0161\u0161\u00ed ne\u017e 100 eur<\/strong> (v z\u00e1vislosti na zemi i mnohem vy\u0161\u0161\u00ed). Dal\u0161\u00ed ceny budou rozd\u00e1ny ihned na m\u00edst\u011b v\u00fddeje kbel\u00edk\u016f! <strong>Kbel\u00edky s p\u0159ekvapen\u00edm<\/strong> a kbel\u00edky s kamufl\u00e1\u017e\u00ed jsou k dispozici pouze v <strong>omezen\u00e9m mno\u017estv\u00ed <\/strong>. <strong>Kbel\u00edky\/v\u00fdhry<\/strong> <strong>je mo\u017en\u00e9<\/strong> <strong>vyzvednout a p\u0159edat<\/strong> <strong>pouze na m\u00edst\u011b<\/strong> v r\u00e1mci akce.  <strong>Carp Austria ve Wiener Neustadtu 6. nebo 7. prosince 2025  <\/strong>  &#8211; <strong>\u017e\u00e1dn\u00e1 doprava<\/strong>!<\/p>\n\n<\/div><\/div>","protected":false},"excerpt":{"rendered":"<p>Trakker nab\u00edz\u00ed pr\u00e9miov\u00e9 kapra\u0159sk\u00e9 vybaven\u00ed: inovativn\u00ed Tempest bivaky, funk\u010dn\u00ed oble\u010den\u00ed a dopl\u0148ky pro dlouh\u00e9 a \u00fasp\u011b\u0161n\u00e9 v\u00fdpravy. Nyn\u00ed se to st\u00e1v\u00e1 VELK\u00ddM: Trakker poprv\u00e9 &#8230; <a title=\"Trakker \u2013 Tempest bivaky a pr\u00e9miov\u00e9 vybaven\u00ed\" class=\"read-more\" href=\"https:\/\/carp-austria.com\/cs\/trakker\/\" aria-label=\"\u010c\u00edst v\u00edce o Trakker \u2013 Tempest bivaky a pr\u00e9miov\u00e9 vybaven\u00ed\">Read more<\/a><\/p>\n","protected":false},"author":1,"featured_media":46012,"comment_status":"closed","ping_status":"closed","sticky":false,"template":"","format":"standard","meta":{"_acf_changed":false,"inline_featured_image":false,"iawp_total_views":2,"footnotes":""},"categories":[442,440],"tags":[],"class_list":["post-46055","post","type-post","status-publish","format-standard","has-post-thumbnail","hentry","category-premium-vystavovatele","category-vystavovatele","generate-columns","tablet-grid-50","mobile-grid-100","grid-parent","grid-25"],"acf":[],"_links":{"self":[{"href":"https:\/\/carp-austria.com\/cs\/wp-json\/wp\/v2\/posts\/46055","targetHints":{"allow":["GET"]}}],"collection":[{"href":"https:\/\/carp-austria.com\/cs\/wp-json\/wp\/v2\/posts"}],"about":[{"href":"https:\/\/carp-austria.com\/cs\/wp-json\/wp\/v2\/types\/post"}],"author":[{"embeddable":true,"href":"https:\/\/carp-austria.com\/cs\/wp-json\/wp\/v2\/users\/1"}],"replies":[{"embeddable":true,"href":"https:\/\/carp-austria.com\/cs\/wp-json\/wp\/v2\/comments?post=46055"}],"version-history":[{"count":1,"href":"https:\/\/carp-austria.com\/cs\/wp-json\/wp\/v2\/posts\/46055\/revisions"}],"predecessor-version":[{"id":123513,"href":"https:\/\/carp-austria.com\/cs\/wp-json\/wp\/v2\/posts\/46055\/revisions\/123513"}],"wp:featuredmedia":[{"embeddable":true,"href":"https:\/\/carp-austria.com\/cs\/wp-json\/wp\/v2\/media\/46012"}],"wp:attachment":[{"href":"https:\/\/carp-austria.com\/cs\/wp-json\/wp\/v2\/media?parent=46055"}],"wp:term":[{"taxonomy":"category","embeddable":true,"href":"https:\/\/carp-austria.com\/cs\/wp-json\/wp\/v2\/categories?post=46055"},{"taxonomy":"post_tag","embeddable":true,"href":"https:\/\/carp-austria.com\/cs\/wp-json\/wp\/v2\/tags?post=46055"}],"curies":[{"name":"wp","href":"https:\/\/api.w.org\/{rel}","templated":true}]}}